{"id":6526,"date":"2026-08-01T16:09:21","date_gmt":"2026-08-01T14:09:21","guid":{"rendered":"https:\/\/www.visital.no\/?p=6526"},"modified":"2026-09-01T16:12:44","modified_gmt":"2026-09-01T14:12:44","slug":"opplev-ekte-stolsliv-og-tradisjonsmat-i-fjellet","status":"publish","type":"post","link":"https:\/\/www.visital.no\/en\/aktuelt\/opplev-ekte-stolsliv-og-tradisjonsmat-i-fjellet\/","title":{"rendered":"Experience authentic mountain dairy farming and traditional food in the mountains"},"content":{"rendered":"<div data-elementor-type=\"wp-post\" data-elementor-id=\"6526\" class=\"elementor elementor-6526\" wpc-filter-elementor-widget=\"1\" data-elementor-post-type=\"post\">\n\t\t\t\t<div class=\"elementor-element elementor-element-36d1bbf e-flex e-con-boxed e-con e-parent\" data-id=\"36d1bbf\" data-element_type=\"container\" data-e-type=\"container\">\n\t\t\t\t\t<div class=\"e-con-inner\">\n\t\t\t\t<div class=\"elementor-element elementor-element-72dd56d3 elementor-widget elementor-widget-text-editor\" data-id=\"72dd56d3\" data-element_type=\"widget\" data-e-type=\"widget\" data-widget_type=\"text-editor.default\">\n\t\t\t\t<div class=\"elementor-widget-container\">\n\t\t\t\t\t\t\t\t\t\n<h2 class=\"wp-block-heading\">A living part of mountain culture<\/h2>\n\n<p class=\"wp-block-paragraph\">The mountain dairy tradition in \u00c5l stretches back several hundred years. The first mountain dairies in the area were probably cleared as early as the early 16th century. Since then, the mountains have been used for grazing, haymaking and food production, and the knowledge has been passed down through generations.<\/p>\n\n<p class=\"wp-block-paragraph\">In 2024, Norwegian and Swedish mountain dairy farming culture was inscribed on UNESCO\u2019s Representative List of the Intangible Cultural Heritage of Humanity. It is the knowledge and traditions linked to, among other things, outfarm grazing, animal husbandry and food processing that are on the list. At the mountain farms around \u00c5l, several of these traditions are still in use.<\/p>\n\t\t\t\t\t\t\t\t<\/div>\n\t\t\t\t<\/div>\n\t\t\t\t<div class=\"elementor-element elementor-element-ee7ebc2 elementor-widget elementor-widget-text-editor\" data-id=\"ee7ebc2\" data-element_type=\"widget\" data-e-type=\"widget\" data-widget_type=\"text-editor.default\">\n\t\t\t\t<div class=\"elementor-widget-container\">\n\t\t\t\t\t\t\t\t\t\n<h2 class=\"wp-block-heading\">Fagerdalen St\u00f8l: mountain dairy food in the middle of the mountains<\/h2>\n\t\t\t\t\t\t\t\t<\/div>\n\t\t\t\t<\/div>\n\t\t<div class=\"elementor-element elementor-element-345bb5ca e-grid e-con-full e-con e-child\" data-id=\"345bb5ca\" data-element_type=\"container\" data-e-type=\"container\">\n\t\t\t\t<div class=\"elementor-element elementor-element-4c8a8c59 elementor-widget elementor-widget-image\" data-id=\"4c8a8c59\" data-element_type=\"widget\" data-e-type=\"widget\" data-widget_type=\"image.default\">\n\t\t\t\t<div class=\"elementor-widget-container\">\n\t\t\t\t\t\t\t\t\t\t\t\t\t\t\t<img decoding=\"async\" src=\"https:\/\/www.visital.no\/wp-content\/uploads\/elementor\/thumbs\/vb07642-rsrnf7bfzeghhbbfwqe4f8clzvm8d5mzn4roi5spmw.webp\" title=\"_VB07642\" alt=\"_VB07642\" loading=\"lazy\" \/>\t\t\t\t\t\t\t\t\t\t\t\t\t\t\t<\/div>\n\t\t\t\t<\/div>\n\t\t\t\t<div class=\"elementor-element elementor-element-c728342 elementor-widget elementor-widget-text-editor\" data-id=\"c728342\" data-element_type=\"widget\" data-e-type=\"widget\" data-widget_type=\"text-editor.default\">\n\t\t\t\t<div class=\"elementor-widget-container\">\n\t\t\t\t\t\t\t\t\t\n<p class=\"wp-block-paragraph\">From the Bergsj\u00f8 area, the mountain road continues towards Fagerdalen St\u00f8l. Fagerdalen St\u00f8l belongs to the S\u00f8re Berg farm in Hovet, and several sources trace the family's use of the site back to 1702. Here, the cows are milked morning and evening, and the milk is further processed into items such as sour cream, butter, and various cheeses. In the mountain dairy hut, you can sit down and sample traditional mountain dairy food such as sour cream porridge and *kvikaku* with sour cream and jam.<\/p>\n\t\t\t\t\t\t\t\t<\/div>\n\t\t\t\t<\/div>\n\t\t\t\t<\/div>\n\t\t\t\t<div class=\"elementor-element elementor-element-754b5d2 elementor-widget elementor-widget-text-editor\" data-id=\"754b5d2\" data-element_type=\"widget\" data-e-type=\"widget\" data-widget_type=\"text-editor.default\">\n\t\t\t\t<div class=\"elementor-widget-container\">\n\t\t\t\t\t\t\t\t\t\n<p class=\"wp-block-paragraph\">You can drive all the way to Fagerdalen, or make the trip part of the experience by cycling from the Bergsj\u00f8 area through the high mountain landscape.<\/p>\n\n<p class=\"wp-block-paragraph\"><strong><a href=\"https:\/\/www.visital.no\/en\/aktuelt\/fagerdalen-stol-et-mote-med-det-ekte-stolslivet\/\">Read more about Fagerdalen St\u00f8l<\/a><\/strong><\/p>\n\t\t\t\t\t\t\t\t<\/div>\n\t\t\t\t<\/div>\n\t\t\t\t<div class=\"elementor-element elementor-element-5bf5139 elementor-widget elementor-widget-text-editor\" data-id=\"5bf5139\" data-element_type=\"widget\" data-e-type=\"widget\" data-widget_type=\"text-editor.default\">\n\t\t\t\t<div class=\"elementor-widget-container\">\n\t\t\t\t\t\t\t\t\t\n<h2 class=\"wp-block-heading\">Iungsdalshytta: mountain dairy farming, mountain food and accommodation<\/h2>\n\t\t\t\t\t\t\t\t<\/div>\n\t\t\t\t<\/div>\n\t\t<div class=\"elementor-element elementor-element-46b8158 e-grid e-con-full e-con e-child\" data-id=\"46b8158\" data-element_type=\"container\" data-e-type=\"container\">\n\t\t\t\t<div class=\"elementor-element elementor-element-cbdef09 elementor-widget elementor-widget-image\" data-id=\"cbdef09\" data-element_type=\"widget\" data-e-type=\"widget\" data-widget_type=\"image.default\">\n\t\t\t\t<div class=\"elementor-widget-container\">\n\t\t\t\t\t\t\t\t\t\t\t\t\t\t\t<img decoding=\"async\" src=\"https:\/\/www.visital.no\/wp-content\/uploads\/elementor\/thumbs\/071923skarvheimen-foto-mariusdalseg-drone1jpgmcfmu9x-mwnjv61jwcua9c-km3kfjm-rqj9e1sceou4mq2e14ky4zqdciz8a7stihzjou5vpk.webp\" title=\"071923Skarvheimen_Photo_MariusDalseg_drone1.jpg.mCfmu9X-MWNjV61jwCUA.9c_kM3KFJM\" alt=\"Iungdalshytta i \u00c5l\" loading=\"lazy\" \/>\t\t\t\t\t\t\t\t\t\t\t\t\t\t\t<\/div>\n\t\t\t\t<\/div>\n\t\t\t\t<div class=\"elementor-element elementor-element-b330d10 elementor-widget elementor-widget-text-editor\" data-id=\"b330d10\" data-element_type=\"widget\" data-e-type=\"widget\" data-widget_type=\"text-editor.default\">\n\t\t\t\t<div class=\"elementor-widget-container\">\n\t\t\t\t\t\t\t\t\t\n<p class=\"wp-block-paragraph\">From Toviken the walk goes for about four kilometres along Iungsdalsvatnet and towards Iungsdalshytta. The trip takes about one hour each way and gives a strong sense of the mountains in a short time, with an open landscape, calm water and views towards the mountains in Skarvheimen.<\/p>\n\n<p class=\"wp-block-paragraph\">Right by the cabin is Oddest\u00f8len, where mountain pasture traditions are still alive. Among other things, sour cream, cheese, buttermilk and yoghurt are produced here using milk from the mountain farm, and eggs from their own hens are used in the catering.<\/p>\n\t\t\t\t\t\t\t\t<\/div>\n\t\t\t\t<\/div>\n\t\t\t\t<\/div>\n\t\t\t\t<div class=\"elementor-element elementor-element-ed5645f elementor-widget elementor-widget-text-editor\" data-id=\"ed5645f\" data-element_type=\"widget\" data-e-type=\"widget\" data-widget_type=\"text-editor.default\">\n\t\t\t\t<div class=\"elementor-widget-container\">\n\t\t\t\t\t\t\t\t\t\n<p>The food is an important part of the experience at Iungsdalshytta. Here, the food is made from scratch using local ingredients and products from the mountain dairy. Among other things, freshly baked bread and homemade salads are served, and ingredients such as fish from Lake Iungsdalsvatnet and berries from the area are used when available.<\/p>\n\n<p class=\"wp-block-paragraph\">You can go on a day trip and have a meal at the lodge, or stay overnight and enjoy dinner, the mountain evening and breakfast before heading back.<\/p>\n\n<p class=\"wp-block-paragraph\"><strong><a href=\"https:\/\/www.dnt.no\/hytter\/betjente\/iungsdalshytta\/\">Read more and book your stay at Iungsdalshytta<\/a><\/strong><\/p>\n\t\t\t\t\t\t\t\t<\/div>\n\t\t\t\t<\/div>\n\t\t\t\t<div class=\"elementor-element elementor-element-23e2059 elementor-widget elementor-widget-text-editor\" data-id=\"23e2059\" data-element_type=\"widget\" data-e-type=\"widget\" data-widget_type=\"text-editor.default\">\n\t\t\t\t<div class=\"elementor-widget-container\">\n\t\t\t\t\t\t\t\t\t\n<h2 class=\"wp-block-heading\">Tormodset: mountain farm products from Votndals\u00e5sen<\/h2>\n\t\t\t\t\t\t\t\t<\/div>\n\t\t\t\t<\/div>\n\t\t<div class=\"elementor-element elementor-element-7b9b80b e-grid e-con-full e-con e-child\" data-id=\"7b9b80b\" data-element_type=\"container\" data-e-type=\"container\">\n\t\t\t\t<div class=\"elementor-element elementor-element-300d1f1 elementor-widget elementor-widget-image\" data-id=\"300d1f1\" data-element_type=\"widget\" data-e-type=\"widget\" data-widget_type=\"image.default\">\n\t\t\t\t<div class=\"elementor-widget-container\">\n\t\t\t\t\t\t\t\t\t\t\t\t\t\t\t<img decoding=\"async\" src=\"https:\/\/www.visital.no\/wp-content\/uploads\/elementor\/thumbs\/494051125-1250564180411025-6214869023100942042-n-e1788271855535-rsrnmn7g36n7e6ibgg6snuqzaoxuaw6hnyp2a0ridk.webp\" title=\"494051125_1250564180411025_6214869023100942042_n\" alt=\"Bilde fra Tormodset i \u00c5l\" loading=\"lazy\" \/>\t\t\t\t\t\t\t\t\t\t\t\t\t\t\t<\/div>\n\t\t\t\t<\/div>\n\t\t\t\t<div class=\"elementor-element elementor-element-c235857 elementor-widget elementor-widget-text-editor\" data-id=\"c235857\" data-element_type=\"widget\" data-e-type=\"widget\" data-widget_type=\"text-editor.default\">\n\t\t\t\t<div class=\"elementor-widget-container\">\n\t\t\t\t\t\t\t\t\t\n<p class=\"wp-block-paragraph\">At Votndals\u00e5sen, around 950 metres above sea level, lies Tormodset. The mountain farm is part of an old mountain pasture landscape in \u00c5l, where farms have used the ridge for grazing and food production for generations. Old place names and traces of a packhorse trail through the pasture meadows tell of the travel between the village and the mountain farms.<\/p>\n\n<p class=\"wp-block-paragraph\">Today, Tormodset is still an active dairy mountain farm. Here, the milk is processed into traditional mountain farm products such as sour cream, sour milk, whey cheese and curd pudding.\u00a0<\/p>\n\t\t\t\t\t\t\t\t<\/div>\n\t\t\t\t<\/div>\n\t\t\t\t<\/div>\n\t\t\t\t<div class=\"elementor-element elementor-element-78d9d98 elementor-widget elementor-widget-text-editor\" data-id=\"78d9d98\" data-element_type=\"widget\" data-e-type=\"widget\" data-widget_type=\"text-editor.default\">\n\t\t\t\t<div class=\"elementor-widget-container\">\n\t\t\t\t\t\t\t\t\t\n<p class=\"wp-block-paragraph\">Tormodset does not have regular catering during the summer season, but you can buy mountain dairy produce to take home with you. In winter, the kiosk opens during select holiday periods.<\/p>\n\n<p class=\"wp-block-paragraph\"><a href=\"https:\/\/www.facebook.com\/tormodset\/?locale=nb_NO\"><strong>Check the opening hours<\/strong><\/a><\/p>\n\t\t\t\t\t\t\t\t<\/div>\n\t\t\t\t<\/div>\n\t\t\t\t<div class=\"elementor-element elementor-element-5256627 elementor-widget elementor-widget-text-editor\" data-id=\"5256627\" data-element_type=\"widget\" data-e-type=\"widget\" data-widget_type=\"text-editor.default\">\n\t\t\t\t<div class=\"elementor-widget-container\">\n\t\t\t\t\t\t\t\t\t\n<h2 class=\"wp-block-heading\">Catch the final part of the mountain pasture season<\/h2>\n\n<p class=\"wp-block-paragraph\">It is still not too late to experience the mountain pasture culture this season.<\/p>\n\n<p class=\"wp-block-paragraph\">Fagerdalen St\u00f8l is open Saturday and Sunday up to and including 13th September, from 12:00 to 16:30.<\/p>\n\n<p class=\"wp-block-paragraph\">Iungsdalshytta is serviced until 13th September inclusive. After that, the cabin switches to self-service.<\/p>\n\n<p class=\"wp-block-paragraph\">At Tormodset you can still buy mountain dairy produce to take home with you.<\/p>\n\n<p class=\"wp-block-paragraph\">So if you want to eat mountain porridge at Fagerdalen, take a trip into Iungsdalen or fill your shopping bag with local mountain dairy products from Tormodset, there is still time to experience a bit more of mountain dairy life before autumn takes over in the mountains.<\/p>\n\t\t\t\t\t\t\t\t<\/div>\n\t\t\t\t<\/div>\n\t\t\t\t\t<\/div>\n\t\t\t\t<\/div>\n\t\t\t\t<\/div>","protected":false},"excerpt":{"rendered":"<p>St\u00f8lskulturen h\u00f8rer ikke bare fortiden til. I \u00c5l og fjellomr\u00e5dene rundt finnes det fortsatt steder der kyr beiter i fjellet, melk foredles til tradisjonelle st\u00f8lsprodukter og gammel kunnskap holdes levende gjennom praktisk arbeid.<br \/>\nP\u00e5 Fagerdalen St\u00f8l, Tormodset og ved Iungsdalshytta kan du oppleve tre ulike sider av den samme tradisjonen.<\/p>","protected":false},"author":3,"featured_media":6529,"comment_status":"closed","ping_status":"closed","sticky":false,"template":"","format":"standard","meta":{"_acf_changed":false,"footnotes":""},"categories":[68],"tags":[],"class_list":["post-6526","post","type-post","status-publish","format-standard","has-post-thumbnail","hentry","category-aktuelt"],"acf":[],"yoast_head":"<title>Opplev ekte st\u00f8lsliv og tradisjonsmat i fjellet - Visit \u00c5l<\/title>\n<meta name=\"robots\" content=\"index, follow, max-snippet:-1, max-image-preview:large, max-video-preview:-1\" \/>\n<link rel=\"canonical\" href=\"https:\/\/www.visital.no\/en\/aktuelt\/opplev-ekte-stolsliv-og-tradisjonsmat-i-fjellet\/\" \/>\n<meta property=\"og:locale\" content=\"en_GB\" \/>\n<meta property=\"og:type\" content=\"article\" \/>\n<meta property=\"og:title\" content=\"Opplev ekte st\u00f8lsliv og tradisjonsmat i fjellet - Visit \u00c5l\" \/>\n<meta property=\"og:description\" content=\"St\u00f8lskulturen h\u00f8rer ikke bare fortiden til. I \u00c5l og fjellomr\u00e5dene rundt finnes det fortsatt steder der kyr beiter i fjellet, melk foredles til tradisjonelle st\u00f8lsprodukter og gammel kunnskap holdes levende gjennom praktisk arbeid. P\u00e5 Fagerdalen St\u00f8l, Tormodset og ved Iungsdalshytta kan du oppleve tre ulike sider av den samme tradisjonen.\" \/>\n<meta property=\"og:url\" content=\"https:\/\/www.visital.no\/en\/aktuelt\/opplev-ekte-stolsliv-og-tradisjonsmat-i-fjellet\/\" \/>\n<meta property=\"og:site_name\" content=\"Visit \u00c5l\" \/>\n<meta property=\"article:publisher\" content=\"https:\/\/facebook.com\/visitalihallingdal\/\" \/>\n<meta property=\"article:published_time\" content=\"2026-08-01T14:09:21+00:00\" \/>\n<meta property=\"article:modified_time\" content=\"2026-09-01T14:12:44+00:00\" \/>\n<meta property=\"og:image\" content=\"https:\/\/www.visital.no\/wp-content\/uploads\/2026\/09\/vb07736.webp\" \/>\n\t<meta property=\"og:image:width\" content=\"1200\" \/>\n\t<meta property=\"og:image:height\" content=\"801\" \/>\n\t<meta property=\"og:image:type\" content=\"image\/jpeg\" \/>\n<meta name=\"author\" content=\"Emilie Valderhaug\" \/>\n<meta name=\"twitter:card\" content=\"summary_large_image\" \/>\n<meta name=\"twitter:label1\" content=\"Written by\" \/>\n\t<meta name=\"twitter:data1\" content=\"Emilie Valderhaug\" \/>\n\t<meta name=\"twitter:label2\" content=\"Est. reading time\" \/>\n\t<meta name=\"twitter:data2\" content=\"4 minutes\" \/>\n<script type=\"application\/ld+json\" class=\"yoast-schema-graph\">{\"@context\":\"https:\\\/\\\/schema.org\",\"@graph\":[{\"@type\":\"Article\",\"@id\":\"https:\\\/\\\/www.visital.no\\\/aktuelt\\\/opplev-ekte-stolsliv-og-tradisjonsmat-i-fjellet\\\/#article\",\"isPartOf\":{\"@id\":\"https:\\\/\\\/www.visital.no\\\/aktuelt\\\/opplev-ekte-stolsliv-og-tradisjonsmat-i-fjellet\\\/\"},\"author\":{\"name\":\"Emilie Valderhaug\",\"@id\":\"https:\\\/\\\/www.visital.no\\\/#\\\/schema\\\/person\\\/852e2864ef98b7d93d3b043d22f2ba1e\"},\"headline\":\"Opplev ekte st\u00f8lsliv og tradisjonsmat i fjellet\",\"datePublished\":\"2026-08-01T14:09:21+00:00\",\"dateModified\":\"2026-09-01T14:12:44+00:00\",\"mainEntityOfPage\":{\"@id\":\"https:\\\/\\\/www.visital.no\\\/aktuelt\\\/opplev-ekte-stolsliv-og-tradisjonsmat-i-fjellet\\\/\"},\"wordCount\":610,\"publisher\":{\"@id\":\"https:\\\/\\\/www.visital.no\\\/#organization\"},\"image\":{\"@id\":\"https:\\\/\\\/www.visital.no\\\/aktuelt\\\/opplev-ekte-stolsliv-og-tradisjonsmat-i-fjellet\\\/#primaryimage\"},\"thumbnailUrl\":\"https:\\\/\\\/www.visital.no\\\/wp-content\\\/uploads\\\/2026\\\/09\\\/vb07736.webp\",\"articleSection\":[\"Aktuelt\"],\"inLanguage\":\"en-GB\"},{\"@type\":\"WebPage\",\"@id\":\"https:\\\/\\\/www.visital.no\\\/aktuelt\\\/opplev-ekte-stolsliv-og-tradisjonsmat-i-fjellet\\\/\",\"url\":\"https:\\\/\\\/www.visital.no\\\/aktuelt\\\/opplev-ekte-stolsliv-og-tradisjonsmat-i-fjellet\\\/\",\"name\":\"Opplev ekte st\u00f8lsliv og tradisjonsmat i fjellet - Visit \u00c5l\",\"isPartOf\":{\"@id\":\"https:\\\/\\\/www.visital.no\\\/#website\"},\"primaryImageOfPage\":{\"@id\":\"https:\\\/\\\/www.visital.no\\\/aktuelt\\\/opplev-ekte-stolsliv-og-tradisjonsmat-i-fjellet\\\/#primaryimage\"},\"image\":{\"@id\":\"https:\\\/\\\/www.visital.no\\\/aktuelt\\\/opplev-ekte-stolsliv-og-tradisjonsmat-i-fjellet\\\/#primaryimage\"},\"thumbnailUrl\":\"https:\\\/\\\/www.visital.no\\\/wp-content\\\/uploads\\\/2026\\\/09\\\/vb07736.webp\",\"datePublished\":\"2026-08-01T14:09:21+00:00\",\"dateModified\":\"2026-09-01T14:12:44+00:00\",\"breadcrumb\":{\"@id\":\"https:\\\/\\\/www.visital.no\\\/aktuelt\\\/opplev-ekte-stolsliv-og-tradisjonsmat-i-fjellet\\\/#breadcrumb\"},\"inLanguage\":\"en-GB\",\"potentialAction\":[{\"@type\":\"ReadAction\",\"target\":[\"https:\\\/\\\/www.visital.no\\\/aktuelt\\\/opplev-ekte-stolsliv-og-tradisjonsmat-i-fjellet\\\/\"]}]},{\"@type\":\"ImageObject\",\"inLanguage\":\"en-GB\",\"@id\":\"https:\\\/\\\/www.visital.no\\\/aktuelt\\\/opplev-ekte-stolsliv-og-tradisjonsmat-i-fjellet\\\/#primaryimage\",\"url\":\"https:\\\/\\\/www.visital.no\\\/wp-content\\\/uploads\\\/2026\\\/09\\\/vb07736.webp\",\"contentUrl\":\"https:\\\/\\\/www.visital.no\\\/wp-content\\\/uploads\\\/2026\\\/09\\\/vb07736.webp\",\"width\":1200,\"height\":801,\"caption\":\"Bilde fra Fagerdalen St\u00f8l\"},{\"@type\":\"BreadcrumbList\",\"@id\":\"https:\\\/\\\/www.visital.no\\\/aktuelt\\\/opplev-ekte-stolsliv-og-tradisjonsmat-i-fjellet\\\/#breadcrumb\",\"itemListElement\":[{\"@type\":\"ListItem\",\"position\":1,\"name\":\"Home\",\"item\":\"https:\\\/\\\/www.visital.no\\\/\"},{\"@type\":\"ListItem\",\"position\":2,\"name\":\"Opplev ekte st\u00f8lsliv og tradisjonsmat i fjellet\"}]},{\"@type\":\"WebSite\",\"@id\":\"https:\\\/\\\/www.visital.no\\\/#website\",\"url\":\"https:\\\/\\\/www.visital.no\\\/\",\"name\":\"Visit \u00c5l\",\"description\":\"\",\"publisher\":{\"@id\":\"https:\\\/\\\/www.visital.no\\\/#organization\"},\"potentialAction\":[{\"@type\":\"SearchAction\",\"target\":{\"@type\":\"EntryPoint\",\"urlTemplate\":\"https:\\\/\\\/www.visital.no\\\/?s={search_term_string}\"},\"query-input\":{\"@type\":\"PropertyValueSpecification\",\"valueRequired\":true,\"valueName\":\"search_term_string\"}}],\"inLanguage\":\"en-GB\"},{\"@type\":\"Organization\",\"@id\":\"https:\\\/\\\/www.visital.no\\\/#organization\",\"name\":\"Visit \u00c5l\",\"url\":\"https:\\\/\\\/www.visital.no\\\/\",\"logo\":{\"@type\":\"ImageObject\",\"inLanguage\":\"en-GB\",\"@id\":\"https:\\\/\\\/www.visital.no\\\/#\\\/schema\\\/logo\\\/image\\\/\",\"url\":\"https:\\\/\\\/www.visital.no\\\/wp-content\\\/uploads\\\/2024\\\/11\\\/al-i-hallingdal-logo.svg\",\"contentUrl\":\"https:\\\/\\\/www.visital.no\\\/wp-content\\\/uploads\\\/2024\\\/11\\\/al-i-hallingdal-logo.svg\",\"width\":258,\"height\":100,\"caption\":\"Visit \u00c5l\"},\"image\":{\"@id\":\"https:\\\/\\\/www.visital.no\\\/#\\\/schema\\\/logo\\\/image\\\/\"},\"sameAs\":[\"https:\\\/\\\/facebook.com\\\/visitalihallingdal\\\/\",\"https:\\\/\\\/instagram.com\\\/visitalihallingdal\\\/\",\"https:\\\/\\\/youtube.com\\\/user\\\/alutvikling\"]},{\"@type\":\"Person\",\"@id\":\"https:\\\/\\\/www.visital.no\\\/#\\\/schema\\\/person\\\/852e2864ef98b7d93d3b043d22f2ba1e\",\"name\":\"Emilie Valderhaug\",\"image\":{\"@type\":\"ImageObject\",\"inLanguage\":\"en-GB\",\"@id\":\"https:\\\/\\\/secure.gravatar.com\\\/avatar\\\/3c736e702a67ae030dfc83ee0f108680e09ef3f067b451dabbf9993a4f840938?s=96&d=mm&r=g\",\"url\":\"https:\\\/\\\/secure.gravatar.com\\\/avatar\\\/3c736e702a67ae030dfc83ee0f108680e09ef3f067b451dabbf9993a4f840938?s=96&d=mm&r=g\",\"contentUrl\":\"https:\\\/\\\/secure.gravatar.com\\\/avatar\\\/3c736e702a67ae030dfc83ee0f108680e09ef3f067b451dabbf9993a4f840938?s=96&d=mm&r=g\",\"caption\":\"Emilie Valderhaug\"},\"sameAs\":[\"http:\\\/\\\/visital.no\"]}]}<\/script>","yoast_head_json":{"title":"Opplev ekte st\u00f8lsliv og tradisjonsmat i fjellet - Visit \u00c5l","robots":{"index":"index","follow":"follow","max-snippet":"max-snippet:-1","max-image-preview":"max-image-preview:large","max-video-preview":"max-video-preview:-1"},"canonical":"https:\/\/www.visital.no\/en\/aktuelt\/opplev-ekte-stolsliv-og-tradisjonsmat-i-fjellet\/","og_locale":"en_GB","og_type":"article","og_title":"Opplev ekte st\u00f8lsliv og tradisjonsmat i fjellet - Visit \u00c5l","og_description":"St\u00f8lskulturen h\u00f8rer ikke bare fortiden til. I \u00c5l og fjellomr\u00e5dene rundt finnes det fortsatt steder der kyr beiter i fjellet, melk foredles til tradisjonelle st\u00f8lsprodukter og gammel kunnskap holdes levende gjennom praktisk arbeid. P\u00e5 Fagerdalen St\u00f8l, Tormodset og ved Iungsdalshytta kan du oppleve tre ulike sider av den samme tradisjonen.","og_url":"https:\/\/www.visital.no\/en\/aktuelt\/opplev-ekte-stolsliv-og-tradisjonsmat-i-fjellet\/","og_site_name":"Visit \u00c5l","article_publisher":"https:\/\/facebook.com\/visitalihallingdal\/","article_published_time":"2026-08-01T14:09:21+00:00","article_modified_time":"2026-09-01T14:12:44+00:00","og_image":[{"width":1200,"height":801,"url":"https:\/\/www.visital.no\/wp-content\/uploads\/2026\/09\/vb07736.webp","type":"image\/jpeg"}],"author":"Emilie Valderhaug","twitter_card":"summary_large_image","twitter_misc":{"Written by":"Emilie Valderhaug","Est. reading time":"4 minutes"},"schema":{"@context":"https:\/\/schema.org","@graph":[{"@type":"Article","@id":"https:\/\/www.visital.no\/aktuelt\/opplev-ekte-stolsliv-og-tradisjonsmat-i-fjellet\/#article","isPartOf":{"@id":"https:\/\/www.visital.no\/aktuelt\/opplev-ekte-stolsliv-og-tradisjonsmat-i-fjellet\/"},"author":{"name":"Emilie Valderhaug","@id":"https:\/\/www.visital.no\/#\/schema\/person\/852e2864ef98b7d93d3b043d22f2ba1e"},"headline":"Opplev ekte st\u00f8lsliv og tradisjonsmat i fjellet","datePublished":"2026-08-01T14:09:21+00:00","dateModified":"2026-09-01T14:12:44+00:00","mainEntityOfPage":{"@id":"https:\/\/www.visital.no\/aktuelt\/opplev-ekte-stolsliv-og-tradisjonsmat-i-fjellet\/"},"wordCount":610,"publisher":{"@id":"https:\/\/www.visital.no\/#organization"},"image":{"@id":"https:\/\/www.visital.no\/aktuelt\/opplev-ekte-stolsliv-og-tradisjonsmat-i-fjellet\/#primaryimage"},"thumbnailUrl":"https:\/\/www.visital.no\/wp-content\/uploads\/2026\/09\/vb07736.webp","articleSection":["Aktuelt"],"inLanguage":"en-GB"},{"@type":"WebPage","@id":"https:\/\/www.visital.no\/aktuelt\/opplev-ekte-stolsliv-og-tradisjonsmat-i-fjellet\/","url":"https:\/\/www.visital.no\/aktuelt\/opplev-ekte-stolsliv-og-tradisjonsmat-i-fjellet\/","name":"Opplev ekte st\u00f8lsliv og tradisjonsmat i fjellet - Visit \u00c5l","isPartOf":{"@id":"https:\/\/www.visital.no\/#website"},"primaryImageOfPage":{"@id":"https:\/\/www.visital.no\/aktuelt\/opplev-ekte-stolsliv-og-tradisjonsmat-i-fjellet\/#primaryimage"},"image":{"@id":"https:\/\/www.visital.no\/aktuelt\/opplev-ekte-stolsliv-og-tradisjonsmat-i-fjellet\/#primaryimage"},"thumbnailUrl":"https:\/\/www.visital.no\/wp-content\/uploads\/2026\/09\/vb07736.webp","datePublished":"2026-08-01T14:09:21+00:00","dateModified":"2026-09-01T14:12:44+00:00","breadcrumb":{"@id":"https:\/\/www.visital.no\/aktuelt\/opplev-ekte-stolsliv-og-tradisjonsmat-i-fjellet\/#breadcrumb"},"inLanguage":"en-GB","potentialAction":[{"@type":"ReadAction","target":["https:\/\/www.visital.no\/aktuelt\/opplev-ekte-stolsliv-og-tradisjonsmat-i-fjellet\/"]}]},{"@type":"ImageObject","inLanguage":"en-GB","@id":"https:\/\/www.visital.no\/aktuelt\/opplev-ekte-stolsliv-og-tradisjonsmat-i-fjellet\/#primaryimage","url":"https:\/\/www.visital.no\/wp-content\/uploads\/2026\/09\/vb07736.webp","contentUrl":"https:\/\/www.visital.no\/wp-content\/uploads\/2026\/09\/vb07736.webp","width":1200,"height":801,"caption":"Bilde fra Fagerdalen St\u00f8l"},{"@type":"BreadcrumbList","@id":"https:\/\/www.visital.no\/aktuelt\/opplev-ekte-stolsliv-og-tradisjonsmat-i-fjellet\/#breadcrumb","itemListElement":[{"@type":"ListItem","position":1,"name":"Home","item":"https:\/\/www.visital.no\/"},{"@type":"ListItem","position":2,"name":"Opplev ekte st\u00f8lsliv og tradisjonsmat i fjellet"}]},{"@type":"WebSite","@id":"https:\/\/www.visital.no\/#website","url":"https:\/\/www.visital.no\/","name":"Visit \u00c5l","description":"","publisher":{"@id":"https:\/\/www.visital.no\/#organization"},"potentialAction":[{"@type":"SearchAction","target":{"@type":"EntryPoint","urlTemplate":"https:\/\/www.visital.no\/?s={search_term_string}"},"query-input":{"@type":"PropertyValueSpecification","valueRequired":true,"valueName":"search_term_string"}}],"inLanguage":"en-GB"},{"@type":"Organization","@id":"https:\/\/www.visital.no\/#organization","name":"Visit \u00c5l","url":"https:\/\/www.visital.no\/","logo":{"@type":"ImageObject","inLanguage":"en-GB","@id":"https:\/\/www.visital.no\/#\/schema\/logo\/image\/","url":"https:\/\/www.visital.no\/wp-content\/uploads\/2024\/11\/al-i-hallingdal-logo.svg","contentUrl":"https:\/\/www.visital.no\/wp-content\/uploads\/2024\/11\/al-i-hallingdal-logo.svg","width":258,"height":100,"caption":"Visit \u00c5l"},"image":{"@id":"https:\/\/www.visital.no\/#\/schema\/logo\/image\/"},"sameAs":["https:\/\/facebook.com\/visitalihallingdal\/","https:\/\/instagram.com\/visitalihallingdal\/","https:\/\/youtube.com\/user\/alutvikling"]},{"@type":"Person","@id":"https:\/\/www.visital.no\/#\/schema\/person\/852e2864ef98b7d93d3b043d22f2ba1e","name":"Emilie Valderhaug","image":{"@type":"ImageObject","inLanguage":"en-GB","@id":"https:\/\/secure.gravatar.com\/avatar\/3c736e702a67ae030dfc83ee0f108680e09ef3f067b451dabbf9993a4f840938?s=96&d=mm&r=g","url":"https:\/\/secure.gravatar.com\/avatar\/3c736e702a67ae030dfc83ee0f108680e09ef3f067b451dabbf9993a4f840938?s=96&d=mm&r=g","contentUrl":"https:\/\/secure.gravatar.com\/avatar\/3c736e702a67ae030dfc83ee0f108680e09ef3f067b451dabbf9993a4f840938?s=96&d=mm&r=g","caption":"Emilie Valderhaug"},"sameAs":["http:\/\/visital.no"]}]}},"_links":{"self":[{"href":"https:\/\/www.visital.no\/en\/wp-json\/wp\/v2\/posts\/6526","targetHints":{"allow":["GET"]}}],"collection":[{"href":"https:\/\/www.visital.no\/en\/wp-json\/wp\/v2\/posts"}],"about":[{"href":"https:\/\/www.visital.no\/en\/wp-json\/wp\/v2\/types\/post"}],"author":[{"embeddable":true,"href":"https:\/\/www.visital.no\/en\/wp-json\/wp\/v2\/users\/3"}],"replies":[{"embeddable":true,"href":"https:\/\/www.visital.no\/en\/wp-json\/wp\/v2\/comments?post=6526"}],"version-history":[{"count":6,"href":"https:\/\/www.visital.no\/en\/wp-json\/wp\/v2\/posts\/6526\/revisions"}],"predecessor-version":[{"id":6536,"href":"https:\/\/www.visital.no\/en\/wp-json\/wp\/v2\/posts\/6526\/revisions\/6536"}],"wp:featuredmedia":[{"embeddable":true,"href":"https:\/\/www.visital.no\/en\/wp-json\/wp\/v2\/media\/6529"}],"wp:attachment":[{"href":"https:\/\/www.visital.no\/en\/wp-json\/wp\/v2\/media?parent=6526"}],"wp:term":[{"taxonomy":"category","embeddable":true,"href":"https:\/\/www.visital.no\/en\/wp-json\/wp\/v2\/categories?post=6526"},{"taxonomy":"post_tag","embeddable":true,"href":"https:\/\/www.visital.no\/en\/wp-json\/wp\/v2\/tags?post=6526"}],"curies":[{"name":"wp","href":"https:\/\/api.w.org\/{rel}","templated":true}]}}