{"id":5153,"date":"2026-04-07T10:23:16","date_gmt":"2026-04-07T08:23:16","guid":{"rendered":"https:\/\/www.visital.no\/?p=5153"},"modified":"2026-04-08T14:40:07","modified_gmt":"2026-04-08T12:40:07","slug":"overnatte-under-bama-liatoppen-skiskytterfestival","status":"publish","type":"post","link":"https:\/\/www.visital.no\/en\/aktuelt\/overnatte-under-bama-liatoppen-skiskytterfestival\/","title":{"rendered":"Where should you stay during the Bama Liatoppen Biathlon Festival?"},"content":{"rendered":"\t\t<div data-elementor-type=\"wp-post\" data-elementor-id=\"5153\" class=\"elementor elementor-5153\" data-elementor-post-type=\"post\">\n\t\t\t\t<div class=\"elementor-element elementor-element-688d58b e-con-full e-flex e-con e-parent\" data-id=\"688d58b\" data-element_type=\"container\" data-e-type=\"container\">\n\t\t\t\t<div class=\"elementor-element elementor-element-df5049b elementor-hidden-mobile elementor-hidden-tablet elementor-widget elementor-widget-heading\" data-id=\"df5049b\" data-element_type=\"widget\" data-e-type=\"widget\" data-widget_type=\"heading.default\">\n\t\t\t\t<div class=\"elementor-widget-container\">\n\t\t\t\t\t<h2 class=\"elementor-heading-title elementor-size-default\"><br>Hotell<\/h2>\t\t\t\t<\/div>\n\t\t\t\t<\/div>\n\t\t<div class=\"elementor-element elementor-element-9e27a3d e-grid e-con-full e-transform e-transform elementor-hidden-mobile elementor-hidden-tablet e-con e-child\" data-id=\"9e27a3d\" data-element_type=\"container\" data-e-type=\"container\" data-settings=\"{&quot;_transform_translateX_effect&quot;:{&quot;unit&quot;:&quot;px&quot;,&quot;size&quot;:&quot;&quot;,&quot;sizes&quot;:[]},&quot;_transform_translateX_effect_tablet&quot;:{&quot;unit&quot;:&quot;px&quot;,&quot;size&quot;:&quot;&quot;,&quot;sizes&quot;:[]},&quot;_transform_translateX_effect_mobile&quot;:{&quot;unit&quot;:&quot;px&quot;,&quot;size&quot;:&quot;&quot;,&quot;sizes&quot;:[]},&quot;_transform_translateY_effect&quot;:{&quot;unit&quot;:&quot;px&quot;,&quot;size&quot;:&quot;&quot;,&quot;sizes&quot;:[]},&quot;_transform_translateY_effect_tablet&quot;:{&quot;unit&quot;:&quot;px&quot;,&quot;size&quot;:&quot;&quot;,&quot;sizes&quot;:[]},&quot;_transform_translateY_effect_mobile&quot;:{&quot;unit&quot;:&quot;px&quot;,&quot;size&quot;:&quot;&quot;,&quot;sizes&quot;:[]},&quot;_transform_scale_effect&quot;:{&quot;unit&quot;:&quot;px&quot;,&quot;size&quot;:&quot;&quot;,&quot;sizes&quot;:[]},&quot;_transform_scale_effect_tablet&quot;:{&quot;unit&quot;:&quot;px&quot;,&quot;size&quot;:&quot;&quot;,&quot;sizes&quot;:[]},&quot;_transform_scale_effect_mobile&quot;:{&quot;unit&quot;:&quot;px&quot;,&quot;size&quot;:&quot;&quot;,&quot;sizes&quot;:[]}}\">\n\t\t\t\t<div class=\"elementor-element elementor-element-2a76521 elementor-widget elementor-widget-image\" data-id=\"2a76521\" data-element_type=\"widget\" data-e-type=\"widget\" data-widget_type=\"image.default\">\n\t\t\t\t<div class=\"elementor-widget-container\">\n\t\t\t\t\t\t\t\t\t\t\t\t\t\t\t<img fetchpriority=\"high\" decoding=\"async\" width=\"1450\" height=\"1080\" src=\"https:\/\/www.visital.no\/wp-content\/uploads\/2026\/03\/thon-hotell-hallingdal.webp\" class=\"attachment-full size-full wp-image-4997\" alt=\"Thon Hotel i Hallingdal vinterkledd\" srcset=\"https:\/\/www.visital.no\/wp-content\/uploads\/2026\/03\/thon-hotell-hallingdal.webp 1450w, https:\/\/www.visital.no\/wp-content\/uploads\/2026\/03\/thon-hotell-hallingdal-300x223.webp 300w, https:\/\/www.visital.no\/wp-content\/uploads\/2026\/03\/thon-hotell-hallingdal-1024x763.webp 1024w, https:\/\/www.visital.no\/wp-content\/uploads\/2026\/03\/thon-hotell-hallingdal-768x572.webp 768w, https:\/\/www.visital.no\/wp-content\/uploads\/2026\/03\/thon-hotell-hallingdal-16x12.webp 16w\" sizes=\"(max-width: 1450px) 100vw, 1450px\" \/>\t\t\t\t\t\t\t\t\t\t\t\t\t\t\t<\/div>\n\t\t\t\t<\/div>\n\t\t\t\t<div class=\"elementor-element elementor-element-471bfb3 elementor-widget elementor-widget-image\" data-id=\"471bfb3\" data-element_type=\"widget\" data-e-type=\"widget\" data-widget_type=\"image.default\">\n\t\t\t\t<div class=\"elementor-widget-container\">\n\t\t\t\t\t\t\t\t\t\t\t\t\t\t\t<img decoding=\"async\" width=\"800\" height=\"596\" src=\"https:\/\/www.visital.no\/wp-content\/uploads\/2026\/03\/bergsjostolen-1024x763.webp\" class=\"attachment-large size-large wp-image-4991\" alt=\"Bergsj\u00f8st\u00f8len i \u00c5l\" srcset=\"https:\/\/www.visital.no\/wp-content\/uploads\/2026\/03\/bergsjostolen-1024x763.webp 1024w, https:\/\/www.visital.no\/wp-content\/uploads\/2026\/03\/bergsjostolen-300x223.webp 300w, https:\/\/www.visital.no\/wp-content\/uploads\/2026\/03\/bergsjostolen-768x572.webp 768w, https:\/\/www.visital.no\/wp-content\/uploads\/2026\/03\/bergsjostolen-16x12.webp 16w, https:\/\/www.visital.no\/wp-content\/uploads\/2026\/03\/bergsjostolen.webp 1450w\" sizes=\"(max-width: 800px) 100vw, 800px\" \/>\t\t\t\t\t\t\t\t\t\t\t\t\t\t\t<\/div>\n\t\t\t\t<\/div>\n\t\t\t\t<div class=\"elementor-element elementor-element-5a08481 elementor-widget elementor-widget-image\" data-id=\"5a08481\" data-element_type=\"widget\" data-e-type=\"widget\" data-widget_type=\"image.default\">\n\t\t\t\t<div class=\"elementor-widget-container\">\n\t\t\t\t\t\t\t\t\t\t\t\t\t\t\t<img decoding=\"async\" width=\"800\" height=\"596\" src=\"https:\/\/www.visital.no\/wp-content\/uploads\/2026\/03\/rodungstolen-1024x763.webp\" class=\"attachment-large size-large wp-image-4995\" alt=\"R\u00f8dungst\u00f8len i \u00c5l vinterkledd\" srcset=\"https:\/\/www.visital.no\/wp-content\/uploads\/2026\/03\/rodungstolen-1024x763.webp 1024w, https:\/\/www.visital.no\/wp-content\/uploads\/2026\/03\/rodungstolen-300x223.webp 300w, https:\/\/www.visital.no\/wp-content\/uploads\/2026\/03\/rodungstolen-768x572.webp 768w, https:\/\/www.visital.no\/wp-content\/uploads\/2026\/03\/rodungstolen-16x12.webp 16w, https:\/\/www.visital.no\/wp-content\/uploads\/2026\/03\/rodungstolen.webp 1450w\" sizes=\"(max-width: 800px) 100vw, 800px\" \/>\t\t\t\t\t\t\t\t\t\t\t\t\t\t\t<\/div>\n\t\t\t\t<\/div>\n\t\t\t\t<\/div>\n\t\t<div class=\"elementor-element elementor-element-c462455 e-grid e-con-full e-transform e-transform elementor-hidden-mobile elementor-hidden-tablet e-con e-child\" data-id=\"c462455\" data-element_type=\"container\" data-e-type=\"container\" data-settings=\"{&quot;_transform_translateX_effect&quot;:{&quot;unit&quot;:&quot;px&quot;,&quot;size&quot;:&quot;&quot;,&quot;sizes&quot;:[]},&quot;_transform_translateX_effect_tablet&quot;:{&quot;unit&quot;:&quot;px&quot;,&quot;size&quot;:&quot;&quot;,&quot;sizes&quot;:[]},&quot;_transform_translateX_effect_mobile&quot;:{&quot;unit&quot;:&quot;px&quot;,&quot;size&quot;:&quot;&quot;,&quot;sizes&quot;:[]},&quot;_transform_translateY_effect&quot;:{&quot;unit&quot;:&quot;px&quot;,&quot;size&quot;:&quot;&quot;,&quot;sizes&quot;:[]},&quot;_transform_translateY_effect_tablet&quot;:{&quot;unit&quot;:&quot;px&quot;,&quot;size&quot;:&quot;&quot;,&quot;sizes&quot;:[]},&quot;_transform_translateY_effect_mobile&quot;:{&quot;unit&quot;:&quot;px&quot;,&quot;size&quot;:&quot;&quot;,&quot;sizes&quot;:[]},&quot;_transform_scale_effect&quot;:{&quot;unit&quot;:&quot;px&quot;,&quot;size&quot;:&quot;&quot;,&quot;sizes&quot;:[]},&quot;_transform_scale_effect_tablet&quot;:{&quot;unit&quot;:&quot;px&quot;,&quot;size&quot;:&quot;&quot;,&quot;sizes&quot;:[]},&quot;_transform_scale_effect_mobile&quot;:{&quot;unit&quot;:&quot;px&quot;,&quot;size&quot;:&quot;&quot;,&quot;sizes&quot;:[]}}\">\n\t\t\t\t<div class=\"elementor-element elementor-element-89c2a15 elementor-widget elementor-widget-text-editor\" data-id=\"89c2a15\" data-element_type=\"widget\" data-e-type=\"widget\" data-widget_type=\"text-editor.default\">\n\t\t\t\t<div class=\"elementor-widget-container\">\n\t\t\t\t\t\t\t\t\t<h3>Thon Hotell<\/h3><p>Thon Hotel Hallingdal ligger midt i \u00c5l sentrum i umiddelbar n\u00e6rhet til \u00e5pningsshowet, premieutdelingen og en rekke spisesteder. Her kan du velge mellom ulike romtyper, og for deg som \u00f8nsker en enkel start p\u00e5 dagen, er frokost inkludert. Estimert kj\u00f8retid til \u00c5l Skisenter er 10 min.<\/p>\t\t\t\t\t\t\t\t<\/div>\n\t\t\t\t<\/div>\n\t\t\t\t<div class=\"elementor-element elementor-element-de884da elementor-widget elementor-widget-text-editor\" data-id=\"de884da\" data-element_type=\"widget\" data-e-type=\"widget\" data-widget_type=\"text-editor.default\">\n\t\t\t\t<div class=\"elementor-widget-container\">\n\t\t\t\t\t\t\t\t\t<h3>Bergsj\u00f8st\u00f8len Fjellstue<\/h3>\n<p>Bergsj\u00f8st\u00f8len Fjellstue ligger p\u00e5 h\u00f8yfjellet 1100 moh, en 25 min kj\u00f8retur unna \u00c5l Skisenter. Her f\u00e5r du frokost og middagsservering p\u00e5 stedet, og en fantastisk utsikt ut mot Hallingskarvet.<\/p>\t\t\t\t\t\t\t\t<\/div>\n\t\t\t\t<\/div>\n\t\t\t\t<div class=\"elementor-element elementor-element-fff39a6 elementor-widget elementor-widget-text-editor\" data-id=\"fff39a6\" data-element_type=\"widget\" data-e-type=\"widget\" data-widget_type=\"text-editor.default\">\n\t\t\t\t<div class=\"elementor-widget-container\">\n\t\t\t\t\t\t\t\t\t<h3>R\u00f8dungst\u00f8l H\u00f8yfjellshotell<\/h3><p>R\u00f8dungst\u00f8len ligger idyllisk plassert oppe i h\u00f8yfjellet, og tilbyr b\u00e5de rom, frokost og middag p\u00e5 stedet. Hotellet ligger 23 minutter unna \u00c5l Skisenter, og byr p\u00e5 fantastisk utsikt mot Hallingskarvet.<\/p>\t\t\t\t\t\t\t\t<\/div>\n\t\t\t\t<\/div>\n\t\t\t\t<\/div>\n\t\t<div class=\"elementor-element elementor-element-4533fc9 e-grid e-con-full e-transform e-transform elementor-hidden-mobile elementor-hidden-tablet e-con e-child\" data-id=\"4533fc9\" data-element_type=\"container\" data-e-type=\"container\" data-settings=\"{&quot;_transform_translateX_effect&quot;:{&quot;unit&quot;:&quot;px&quot;,&quot;size&quot;:&quot;&quot;,&quot;sizes&quot;:[]},&quot;_transform_translateX_effect_tablet&quot;:{&quot;unit&quot;:&quot;px&quot;,&quot;size&quot;:&quot;&quot;,&quot;sizes&quot;:[]},&quot;_transform_translateX_effect_mobile&quot;:{&quot;unit&quot;:&quot;px&quot;,&quot;size&quot;:&quot;&quot;,&quot;sizes&quot;:[]},&quot;_transform_translateY_effect&quot;:{&quot;unit&quot;:&quot;px&quot;,&quot;size&quot;:&quot;&quot;,&quot;sizes&quot;:[]},&quot;_transform_translateY_effect_tablet&quot;:{&quot;unit&quot;:&quot;px&quot;,&quot;size&quot;:&quot;&quot;,&quot;sizes&quot;:[]},&quot;_transform_translateY_effect_mobile&quot;:{&quot;unit&quot;:&quot;px&quot;,&quot;size&quot;:&quot;&quot;,&quot;sizes&quot;:[]},&quot;_transform_scale_effect&quot;:{&quot;unit&quot;:&quot;px&quot;,&quot;size&quot;:&quot;&quot;,&quot;sizes&quot;:[]},&quot;_transform_scale_effect_tablet&quot;:{&quot;unit&quot;:&quot;px&quot;,&quot;size&quot;:&quot;&quot;,&quot;sizes&quot;:[]},&quot;_transform_scale_effect_mobile&quot;:{&quot;unit&quot;:&quot;px&quot;,&quot;size&quot;:&quot;&quot;,&quot;sizes&quot;:[]}}\">\n\t\t\t\t<div class=\"elementor-element elementor-element-01675b6 elementor-align-center elementor-widget elementor-widget-button\" data-id=\"01675b6\" data-element_type=\"widget\" data-e-type=\"widget\" data-widget_type=\"button.default\">\n\t\t\t\t<div class=\"elementor-widget-container\">\n\t\t\t\t\t\t\t\t\t<div class=\"elementor-button-wrapper\">\n\t\t\t\t\t<a class=\"elementor-button elementor-button-link elementor-size-sm\" href=\"https:\/\/www.thonhotels.no\/hoteller\/norge\/al\/thon-hotel-hallingdal\/\">\n\t\t\t\t\t\t<span class=\"elementor-button-content-wrapper\">\n\t\t\t\t\t\t\t\t\t<span class=\"elementor-button-text\">Sjekk tilgjengelighet<\/span>\n\t\t\t\t\t<\/span>\n\t\t\t\t\t<\/a>\n\t\t\t\t<\/div>\n\t\t\t\t\t\t\t\t<\/div>\n\t\t\t\t<\/div>\n\t\t\t\t<div class=\"elementor-element elementor-element-5a51ef1 elementor-align-center elementor-widget elementor-widget-button\" data-id=\"5a51ef1\" data-element_type=\"widget\" data-e-type=\"widget\" data-widget_type=\"button.default\">\n\t\t\t\t<div class=\"elementor-widget-container\">\n\t\t\t\t\t\t\t\t\t<div class=\"elementor-button-wrapper\">\n\t\t\t\t\t<a class=\"elementor-button elementor-button-link elementor-size-sm\" href=\"https:\/\/bergsjostolen.no\/\">\n\t\t\t\t\t\t<span class=\"elementor-button-content-wrapper\">\n\t\t\t\t\t\t\t\t\t<span class=\"elementor-button-text\">Sjekk tilgjengelighet<\/span>\n\t\t\t\t\t<\/span>\n\t\t\t\t\t<\/a>\n\t\t\t\t<\/div>\n\t\t\t\t\t\t\t\t<\/div>\n\t\t\t\t<\/div>\n\t\t\t\t<div class=\"elementor-element elementor-element-1e7c1ba elementor-align-center elementor-widget elementor-widget-button\" data-id=\"1e7c1ba\" data-element_type=\"widget\" data-e-type=\"widget\" data-widget_type=\"button.default\">\n\t\t\t\t<div class=\"elementor-widget-container\">\n\t\t\t\t\t\t\t\t\t<div class=\"elementor-button-wrapper\">\n\t\t\t\t\t<a class=\"elementor-button elementor-button-link elementor-size-sm\" href=\"https:\/\/www.rodungstol.no\/\">\n\t\t\t\t\t\t<span class=\"elementor-button-content-wrapper\">\n\t\t\t\t\t\t\t\t\t<span class=\"elementor-button-text\">Sjekk tilgjengelighet<\/span>\n\t\t\t\t\t<\/span>\n\t\t\t\t\t<\/a>\n\t\t\t\t<\/div>\n\t\t\t\t\t\t\t\t<\/div>\n\t\t\t\t<\/div>\n\t\t\t\t<\/div>\n\t\t<div class=\"elementor-element elementor-element-0d275a6 e-con-full elementor-hidden-mobile elementor-hidden-tablet e-flex e-con e-child\" data-id=\"0d275a6\" data-element_type=\"container\" data-e-type=\"container\">\n\t\t\t\t<div class=\"elementor-element elementor-element-944501c elementor-widget elementor-widget-heading\" data-id=\"944501c\" data-element_type=\"widget\" data-e-type=\"widget\" data-widget_type=\"heading.default\">\n\t\t\t\t<div class=\"elementor-widget-container\">\n\t\t\t\t\t<h2 class=\"elementor-heading-title elementor-size-default\"><br>Hytter &amp; leiligheter<\/h2>\t\t\t\t<\/div>\n\t\t\t\t<\/div>\n\t\t<div class=\"elementor-element elementor-element-a85cede e-grid e-con-full e-con e-child\" data-id=\"a85cede\" data-element_type=\"container\" data-e-type=\"container\">\n\t\t\t\t<div class=\"elementor-element elementor-element-8810c07 elementor-widget elementor-widget-image\" data-id=\"8810c07\" data-element_type=\"widget\" data-e-type=\"widget\" data-widget_type=\"image.default\">\n\t\t\t\t<div class=\"elementor-widget-container\">\n\t\t\t\t\t\t\t\t\t\t\t\t\t\t\t<img loading=\"lazy\" decoding=\"async\" width=\"800\" height=\"596\" src=\"https:\/\/www.visital.no\/wp-content\/uploads\/2026\/03\/skarslia-1024x763.webp\" class=\"attachment-large size-large wp-image-4996\" alt=\"Leiligheten p\u00e5 Skarslia i \u00c5l\" srcset=\"https:\/\/www.visital.no\/wp-content\/uploads\/2026\/03\/skarslia-1024x763.webp 1024w, https:\/\/www.visital.no\/wp-content\/uploads\/2026\/03\/skarslia-300x223.webp 300w, https:\/\/www.visital.no\/wp-content\/uploads\/2026\/03\/skarslia-768x572.webp 768w, https:\/\/www.visital.no\/wp-content\/uploads\/2026\/03\/skarslia-16x12.webp 16w, https:\/\/www.visital.no\/wp-content\/uploads\/2026\/03\/skarslia.webp 1450w\" sizes=\"(max-width: 800px) 100vw, 800px\" \/>\t\t\t\t\t\t\t\t\t\t\t\t\t\t\t<\/div>\n\t\t\t\t<\/div>\n\t\t\t\t<div class=\"elementor-element elementor-element-dda94c6 elementor-widget elementor-widget-image\" data-id=\"dda94c6\" data-element_type=\"widget\" data-e-type=\"widget\" data-widget_type=\"image.default\">\n\t\t\t\t<div class=\"elementor-widget-container\">\n\t\t\t\t\t\t\t\t\t\t\t\t\t\t\t<img loading=\"lazy\" decoding=\"async\" width=\"800\" height=\"596\" src=\"https:\/\/www.visital.no\/wp-content\/uploads\/2026\/03\/topcamp-1-1024x763.webp\" class=\"attachment-large size-large wp-image-5014\" alt=\"Topcamp hytte i \u00c5l\" srcset=\"https:\/\/www.visital.no\/wp-content\/uploads\/2026\/03\/topcamp-1-1024x763.webp 1024w, https:\/\/www.visital.no\/wp-content\/uploads\/2026\/03\/topcamp-1-300x223.webp 300w, https:\/\/www.visital.no\/wp-content\/uploads\/2026\/03\/topcamp-1-768x572.webp 768w, https:\/\/www.visital.no\/wp-content\/uploads\/2026\/03\/topcamp-1-16x12.webp 16w, https:\/\/www.visital.no\/wp-content\/uploads\/2026\/03\/topcamp-1.webp 1450w\" sizes=\"(max-width: 800px) 100vw, 800px\" \/>\t\t\t\t\t\t\t\t\t\t\t\t\t\t\t<\/div>\n\t\t\t\t<\/div>\n\t\t\t\t<div class=\"elementor-element elementor-element-0de5a2a elementor-widget elementor-widget-image\" data-id=\"0de5a2a\" data-element_type=\"widget\" data-e-type=\"widget\" data-widget_type=\"image.default\">\n\t\t\t\t<div class=\"elementor-widget-container\">\n\t\t\t\t\t\t\t\t\t\t\t\t\t\t\t<img loading=\"lazy\" decoding=\"async\" width=\"800\" height=\"596\" src=\"https:\/\/www.visital.no\/wp-content\/uploads\/2026\/03\/tretophytta-1024x763.webp\" class=\"attachment-large size-large wp-image-5002\" alt=\"Tretopphytta p\u00e5 Tveitehaug G\u00e5rd i \u00c5l\" srcset=\"https:\/\/www.visital.no\/wp-content\/uploads\/2026\/03\/tretophytta-1024x763.webp 1024w, https:\/\/www.visital.no\/wp-content\/uploads\/2026\/03\/tretophytta-300x223.webp 300w, https:\/\/www.visital.no\/wp-content\/uploads\/2026\/03\/tretophytta-768x572.webp 768w, https:\/\/www.visital.no\/wp-content\/uploads\/2026\/03\/tretophytta-16x12.webp 16w, https:\/\/www.visital.no\/wp-content\/uploads\/2026\/03\/tretophytta.webp 1450w\" sizes=\"(max-width: 800px) 100vw, 800px\" \/>\t\t\t\t\t\t\t\t\t\t\t\t\t\t\t<\/div>\n\t\t\t\t<\/div>\n\t\t\t\t<\/div>\n\t\t<div class=\"elementor-element elementor-element-0701830 e-grid e-con-full e-con e-child\" data-id=\"0701830\" data-element_type=\"container\" data-e-type=\"container\">\n\t\t\t\t<div class=\"elementor-element elementor-element-92c5632 elementor-widget elementor-widget-text-editor\" data-id=\"92c5632\" data-element_type=\"widget\" data-e-type=\"widget\" data-widget_type=\"text-editor.default\">\n\t\t\t\t<div class=\"elementor-widget-container\">\n\t\t\t\t\t\t\t\t\t<h3>Skarslia<\/h3><p>Skarslia tilbyr leiligheter med selvhushold, 18 min kj\u00f8retur unna \u00c5l Skisenter. Dette er et alternativ for dere som vil ha leilighet og fast kj\u00f8kkenl\u00f8sning. Leiligheten er tilknyttet Norges st\u00f8rste Akesenter.<\/p>\t\t\t\t\t\t\t\t<\/div>\n\t\t\t\t<\/div>\n\t\t\t\t<div class=\"elementor-element elementor-element-d94d008 elementor-widget elementor-widget-text-editor\" data-id=\"d94d008\" data-element_type=\"widget\" data-e-type=\"widget\" data-widget_type=\"text-editor.default\">\n\t\t\t\t<div class=\"elementor-widget-container\">\n\t\t\t\t\t\t\t\t\t<h3>Topcamp Hallingdal<\/h3><p>Topcamp Hallingdal tilbyr topp moderne hytter\/leiligheter i n\u00e6rheten av \u00c5l sentrum hvor seremonien avholdes. Herfra tar det ca. 12 minutter til fots, og 3 minutter med bil. Her finnes ogs\u00e5 et lekeland, til stor begeistring for de minste.\u00a0<\/p>\t\t\t\t\t\t\t\t<\/div>\n\t\t\t\t<\/div>\n\t\t\t\t<div class=\"elementor-element elementor-element-d4640e8 elementor-widget elementor-widget-text-editor\" data-id=\"d4640e8\" data-element_type=\"widget\" data-e-type=\"widget\" data-widget_type=\"text-editor.default\">\n\t\t\t\t<div class=\"elementor-widget-container\">\n\t\t\t\t\t\t\t\t\t<h3>Tveitehaug Gard<\/h3><p>Tveitehaug Gard tilbyr flere utleiehytter et steinkast unna \u00c5l Skisenter. De leier ogs\u00e5 ut en tretopphytte for dere som \u00f8nsker en litt annerledes overnatting, der b\u00e5de ekkorn og fugler ofte er p\u00e5 bes\u00f8k. I tillegg har de alpakkaer, et h\u00f8ydepunkt for barna.<\/p>\t\t\t\t\t\t\t\t<\/div>\n\t\t\t\t<\/div>\n\t\t\t\t<\/div>\n\t\t<div class=\"elementor-element elementor-element-3981d6e e-grid e-con-full e-transform e-transform e-con e-child\" data-id=\"3981d6e\" data-element_type=\"container\" data-e-type=\"container\" data-settings=\"{&quot;_transform_translateX_effect&quot;:{&quot;unit&quot;:&quot;px&quot;,&quot;size&quot;:&quot;&quot;,&quot;sizes&quot;:[]},&quot;_transform_translateX_effect_tablet&quot;:{&quot;unit&quot;:&quot;px&quot;,&quot;size&quot;:&quot;&quot;,&quot;sizes&quot;:[]},&quot;_transform_translateX_effect_mobile&quot;:{&quot;unit&quot;:&quot;px&quot;,&quot;size&quot;:&quot;&quot;,&quot;sizes&quot;:[]},&quot;_transform_translateY_effect&quot;:{&quot;unit&quot;:&quot;px&quot;,&quot;size&quot;:&quot;&quot;,&quot;sizes&quot;:[]},&quot;_transform_translateY_effect_tablet&quot;:{&quot;unit&quot;:&quot;px&quot;,&quot;size&quot;:&quot;&quot;,&quot;sizes&quot;:[]},&quot;_transform_translateY_effect_mobile&quot;:{&quot;unit&quot;:&quot;px&quot;,&quot;size&quot;:&quot;&quot;,&quot;sizes&quot;:[]},&quot;_transform_scale_effect&quot;:{&quot;unit&quot;:&quot;px&quot;,&quot;size&quot;:&quot;&quot;,&quot;sizes&quot;:[]},&quot;_transform_scale_effect_tablet&quot;:{&quot;unit&quot;:&quot;px&quot;,&quot;size&quot;:&quot;&quot;,&quot;sizes&quot;:[]},&quot;_transform_scale_effect_mobile&quot;:{&quot;unit&quot;:&quot;px&quot;,&quot;size&quot;:&quot;&quot;,&quot;sizes&quot;:[]}}\">\n\t\t\t\t<div class=\"elementor-element elementor-element-eb1c891 elementor-align-center elementor-widget elementor-widget-button\" data-id=\"eb1c891\" data-element_type=\"widget\" data-e-type=\"widget\" data-widget_type=\"button.default\">\n\t\t\t\t<div class=\"elementor-widget-container\">\n\t\t\t\t\t\t\t\t\t<div class=\"elementor-button-wrapper\">\n\t\t\t\t\t<a class=\"elementor-button elementor-button-link elementor-size-sm\" href=\"https:\/\/www.skarslia.no\/overnatting\">\n\t\t\t\t\t\t<span class=\"elementor-button-content-wrapper\">\n\t\t\t\t\t\t\t\t\t<span class=\"elementor-button-text\">Sjekk tilgjengelighet<\/span>\n\t\t\t\t\t<\/span>\n\t\t\t\t\t<\/a>\n\t\t\t\t<\/div>\n\t\t\t\t\t\t\t\t<\/div>\n\t\t\t\t<\/div>\n\t\t\t\t<div class=\"elementor-element elementor-element-61f8fd1 elementor-align-center elementor-widget elementor-widget-button\" data-id=\"61f8fd1\" data-element_type=\"widget\" data-e-type=\"widget\" data-widget_type=\"button.default\">\n\t\t\t\t<div class=\"elementor-widget-container\">\n\t\t\t\t\t\t\t\t\t<div class=\"elementor-button-wrapper\">\n\t\t\t\t\t<a class=\"elementor-button elementor-button-link elementor-size-sm\" href=\"https:\/\/topcamp.no\/topcamp-hallingdal\/bo\">\n\t\t\t\t\t\t<span class=\"elementor-button-content-wrapper\">\n\t\t\t\t\t\t\t\t\t<span class=\"elementor-button-text\">Sjekk tilgjengelighet<\/span>\n\t\t\t\t\t<\/span>\n\t\t\t\t\t<\/a>\n\t\t\t\t<\/div>\n\t\t\t\t\t\t\t\t<\/div>\n\t\t\t\t<\/div>\n\t\t\t\t<div class=\"elementor-element elementor-element-ddbedb6 elementor-align-center elementor-widget elementor-widget-button\" data-id=\"ddbedb6\" data-element_type=\"widget\" data-e-type=\"widget\" data-widget_type=\"button.default\">\n\t\t\t\t<div class=\"elementor-widget-container\">\n\t\t\t\t\t\t\t\t\t<div class=\"elementor-button-wrapper\">\n\t\t\t\t\t<a class=\"elementor-button elementor-button-link elementor-size-sm\" href=\"https:\/\/www.tveitehaug.no\/\">\n\t\t\t\t\t\t<span class=\"elementor-button-content-wrapper\">\n\t\t\t\t\t\t\t\t\t<span class=\"elementor-button-text\">Sjekk tilgjengelighet<\/span>\n\t\t\t\t\t<\/span>\n\t\t\t\t\t<\/a>\n\t\t\t\t<\/div>\n\t\t\t\t\t\t\t\t<\/div>\n\t\t\t\t<\/div>\n\t\t\t\t<\/div>\n\t\t<div class=\"elementor-element elementor-element-3b03191 e-con-full e-flex e-con e-child\" data-id=\"3b03191\" data-element_type=\"container\" data-e-type=\"container\">\n\t\t\t\t<div class=\"elementor-element elementor-element-d50ada8 elementor-widget elementor-widget-spacer\" data-id=\"d50ada8\" data-element_type=\"widget\" data-e-type=\"widget\" data-widget_type=\"spacer.default\">\n\t\t\t\t<div class=\"elementor-widget-container\">\n\t\t\t\t\t\t\t<div class=\"elementor-spacer\">\n\t\t\t<div class=\"elementor-spacer-inner\"><\/div>\n\t\t<\/div>\n\t\t\t\t\t\t<\/div>\n\t\t\t\t<\/div>\n\t\t<div class=\"elementor-element elementor-element-7c7d76c e-grid e-con-full e-con e-child\" data-id=\"7c7d76c\" data-element_type=\"container\" data-e-type=\"container\">\n\t\t\t\t<div class=\"elementor-element elementor-element-b196187 elementor-widget elementor-widget-image\" data-id=\"b196187\" data-element_type=\"widget\" data-e-type=\"widget\" data-widget_type=\"image.default\">\n\t\t\t\t<div class=\"elementor-widget-container\">\n\t\t\t\t\t\t\t\t\t\t\t\t\t\t\t<img loading=\"lazy\" decoding=\"async\" width=\"800\" height=\"596\" src=\"https:\/\/www.visital.no\/wp-content\/uploads\/2026\/03\/torpomoen-1-1024x763.webp\" class=\"attachment-large size-large wp-image-5018\" alt=\"Storhytta p\u00e5 Torpomoen i \u00c5l\" srcset=\"https:\/\/www.visital.no\/wp-content\/uploads\/2026\/03\/torpomoen-1-1024x763.webp 1024w, https:\/\/www.visital.no\/wp-content\/uploads\/2026\/03\/torpomoen-1-300x223.webp 300w, https:\/\/www.visital.no\/wp-content\/uploads\/2026\/03\/torpomoen-1-768x572.webp 768w, https:\/\/www.visital.no\/wp-content\/uploads\/2026\/03\/torpomoen-1-16x12.webp 16w, https:\/\/www.visital.no\/wp-content\/uploads\/2026\/03\/torpomoen-1.webp 1450w\" sizes=\"(max-width: 800px) 100vw, 800px\" \/>\t\t\t\t\t\t\t\t\t\t\t\t\t\t\t<\/div>\n\t\t\t\t<\/div>\n\t\t\t\t<div class=\"elementor-element elementor-element-d086911 elementor-widget elementor-widget-image\" data-id=\"d086911\" data-element_type=\"widget\" data-e-type=\"widget\" data-widget_type=\"image.default\">\n\t\t\t\t<div class=\"elementor-widget-container\">\n\t\t\t\t\t\t\t\t\t\t\t\t\t\t\t<img loading=\"lazy\" decoding=\"async\" width=\"800\" height=\"596\" src=\"https:\/\/www.visital.no\/wp-content\/uploads\/2026\/03\/grindastugu-1024x763.webp\" class=\"attachment-large size-large wp-image-4992\" alt=\"Grindastugu i \u00c5l\" srcset=\"https:\/\/www.visital.no\/wp-content\/uploads\/2026\/03\/grindastugu-1024x763.webp 1024w, https:\/\/www.visital.no\/wp-content\/uploads\/2026\/03\/grindastugu-300x223.webp 300w, https:\/\/www.visital.no\/wp-content\/uploads\/2026\/03\/grindastugu-768x572.webp 768w, https:\/\/www.visital.no\/wp-content\/uploads\/2026\/03\/grindastugu-16x12.webp 16w, https:\/\/www.visital.no\/wp-content\/uploads\/2026\/03\/grindastugu.webp 1450w\" sizes=\"(max-width: 800px) 100vw, 800px\" \/>\t\t\t\t\t\t\t\t\t\t\t\t\t\t\t<\/div>\n\t\t\t\t<\/div>\n\t\t\t\t<div class=\"elementor-element elementor-element-4435abd elementor-widget elementor-widget-image\" data-id=\"4435abd\" data-element_type=\"widget\" data-e-type=\"widget\" data-widget_type=\"image.default\">\n\t\t\t\t<div class=\"elementor-widget-container\">\n\t\t\t\t\t\t\t\t\t\t\t\t\t\t\t<img loading=\"lazy\" decoding=\"async\" width=\"800\" height=\"596\" src=\"https:\/\/www.visital.no\/wp-content\/uploads\/2026\/03\/norgesbooking-1024x763.webp\" class=\"attachment-large size-large wp-image-4993\" alt=\"Hytte I \u00c5l fra Norgesbooking\" srcset=\"https:\/\/www.visital.no\/wp-content\/uploads\/2026\/03\/norgesbooking-1024x763.webp 1024w, https:\/\/www.visital.no\/wp-content\/uploads\/2026\/03\/norgesbooking-300x223.webp 300w, https:\/\/www.visital.no\/wp-content\/uploads\/2026\/03\/norgesbooking-768x572.webp 768w, https:\/\/www.visital.no\/wp-content\/uploads\/2026\/03\/norgesbooking-16x12.webp 16w, https:\/\/www.visital.no\/wp-content\/uploads\/2026\/03\/norgesbooking.webp 1450w\" sizes=\"(max-width: 800px) 100vw, 800px\" \/>\t\t\t\t\t\t\t\t\t\t\t\t\t\t\t<\/div>\n\t\t\t\t<\/div>\n\t\t\t\t<\/div>\n\t\t<div class=\"elementor-element elementor-element-30e3fa3 e-grid e-con-full e-con e-child\" data-id=\"30e3fa3\" data-element_type=\"container\" data-e-type=\"container\">\n\t\t\t\t<div class=\"elementor-element elementor-element-558f364 elementor-widget elementor-widget-text-editor\" data-id=\"558f364\" data-element_type=\"widget\" data-e-type=\"widget\" data-widget_type=\"text-editor.default\">\n\t\t\t\t<div class=\"elementor-widget-container\">\n\t\t\t\t\t\t\t\t\t<h3>Torpomoen<\/h3><p>P\u00e5 Torpomoen kan du leie storhytte med hele 9 soverom, kj\u00f8kken og en hyggelig peisestue. Torpomoen ligger ca 10 min unna b\u00e5de Skisenteret og \u00c5l Sentrum. Det er mulighet for \u00e5 booke frokost her.\u00a0<\/p>\t\t\t\t\t\t\t\t<\/div>\n\t\t\t\t<\/div>\n\t\t\t\t<div class=\"elementor-element elementor-element-bcd54a8 elementor-widget elementor-widget-text-editor\" data-id=\"bcd54a8\" data-element_type=\"widget\" data-e-type=\"widget\" data-widget_type=\"text-editor.default\">\n\t\t\t\t<div class=\"elementor-widget-container\">\n\t\t\t\t\t\t\t\t\t<h3>Grindastugu<\/h3><p>Grindastugu er en storhytte som ofte trekkes fram som relevant for skigrupper. Hytta har plass til 14 overnattingsgjester, og er et godt alternativ til de som vil bo samlet. Hytta ligger p\u00e5 Liatoppen i \u00c5l, 20 minutter unna \u00c5l Skisenter og \u00c5l Sentrum.\u00a0<\/p>\t\t\t\t\t\t\t\t<\/div>\n\t\t\t\t<\/div>\n\t\t\t\t<div class=\"elementor-element elementor-element-c35e162 elementor-widget elementor-widget-text-editor\" data-id=\"c35e162\" data-element_type=\"widget\" data-e-type=\"widget\" data-widget_type=\"text-editor.default\">\n\t\t\t\t<div class=\"elementor-widget-container\">\n\t\t\t\t\t\t\t\t\t<h3>Norgesbooking<\/h3><p>Gjennom Norgesbooking finner du flere hytter og leiligheter til leie i \u00c5l og omegn. Norgesbooking tar h\u00e5nd om booking, betaling, vask og levering av n\u00f8kler.<\/p>\t\t\t\t\t\t\t\t<\/div>\n\t\t\t\t<\/div>\n\t\t\t\t<\/div>\n\t\t<div class=\"elementor-element elementor-element-c309fca e-grid e-con-full e-transform e-transform e-con e-child\" data-id=\"c309fca\" data-element_type=\"container\" data-e-type=\"container\" data-settings=\"{&quot;_transform_translateX_effect&quot;:{&quot;unit&quot;:&quot;px&quot;,&quot;size&quot;:&quot;&quot;,&quot;sizes&quot;:[]},&quot;_transform_translateX_effect_tablet&quot;:{&quot;unit&quot;:&quot;px&quot;,&quot;size&quot;:&quot;&quot;,&quot;sizes&quot;:[]},&quot;_transform_translateX_effect_mobile&quot;:{&quot;unit&quot;:&quot;px&quot;,&quot;size&quot;:&quot;&quot;,&quot;sizes&quot;:[]},&quot;_transform_translateY_effect&quot;:{&quot;unit&quot;:&quot;px&quot;,&quot;size&quot;:&quot;&quot;,&quot;sizes&quot;:[]},&quot;_transform_translateY_effect_tablet&quot;:{&quot;unit&quot;:&quot;px&quot;,&quot;size&quot;:&quot;&quot;,&quot;sizes&quot;:[]},&quot;_transform_translateY_effect_mobile&quot;:{&quot;unit&quot;:&quot;px&quot;,&quot;size&quot;:&quot;&quot;,&quot;sizes&quot;:[]},&quot;_transform_scale_effect&quot;:{&quot;unit&quot;:&quot;px&quot;,&quot;size&quot;:&quot;&quot;,&quot;sizes&quot;:[]},&quot;_transform_scale_effect_tablet&quot;:{&quot;unit&quot;:&quot;px&quot;,&quot;size&quot;:&quot;&quot;,&quot;sizes&quot;:[]},&quot;_transform_scale_effect_mobile&quot;:{&quot;unit&quot;:&quot;px&quot;,&quot;size&quot;:&quot;&quot;,&quot;sizes&quot;:[]}}\">\n\t\t\t\t<div class=\"elementor-element elementor-element-02ad721 elementor-align-center elementor-widget elementor-widget-button\" data-id=\"02ad721\" data-element_type=\"widget\" data-e-type=\"widget\" data-widget_type=\"button.default\">\n\t\t\t\t<div class=\"elementor-widget-container\">\n\t\t\t\t\t\t\t\t\t<div class=\"elementor-button-wrapper\">\n\t\t\t\t\t<a class=\"elementor-button elementor-button-link elementor-size-sm\" href=\"https:\/\/www.torpomoen.no\/no\/overnatting\/storhytte\/\">\n\t\t\t\t\t\t<span class=\"elementor-button-content-wrapper\">\n\t\t\t\t\t\t\t\t\t<span class=\"elementor-button-text\">Sjekk tilgjengelighet<\/span>\n\t\t\t\t\t<\/span>\n\t\t\t\t\t<\/a>\n\t\t\t\t<\/div>\n\t\t\t\t\t\t\t\t<\/div>\n\t\t\t\t<\/div>\n\t\t\t\t<div class=\"elementor-element elementor-element-f11e9d8 elementor-align-center elementor-widget elementor-widget-button\" data-id=\"f11e9d8\" data-element_type=\"widget\" data-e-type=\"widget\" data-widget_type=\"button.default\">\n\t\t\t\t<div class=\"elementor-widget-container\">\n\t\t\t\t\t\t\t\t\t<div class=\"elementor-button-wrapper\">\n\t\t\t\t\t<a class=\"elementor-button elementor-button-link elementor-size-sm\" href=\"http:\/\/www.grindastugu.no\/\">\n\t\t\t\t\t\t<span class=\"elementor-button-content-wrapper\">\n\t\t\t\t\t\t\t\t\t<span class=\"elementor-button-text\">Sjekk tilgjengelighet<\/span>\n\t\t\t\t\t<\/span>\n\t\t\t\t\t<\/a>\n\t\t\t\t<\/div>\n\t\t\t\t\t\t\t\t<\/div>\n\t\t\t\t<\/div>\n\t\t\t\t<div class=\"elementor-element elementor-element-06d4472 elementor-align-center elementor-widget elementor-widget-button\" data-id=\"06d4472\" data-element_type=\"widget\" data-e-type=\"widget\" data-widget_type=\"button.default\">\n\t\t\t\t<div class=\"elementor-widget-container\">\n\t\t\t\t\t\t\t\t\t<div class=\"elementor-button-wrapper\">\n\t\t\t\t\t<a class=\"elementor-button elementor-button-link elementor-size-sm\" href=\"https:\/\/www.norgesbooking.no\/se-alle-hytter\/%C3%A5l-hallingdal\/?from=03\/19\/2026&#038;to=03\/22\/2026&#038;start=19\/03\/2026&#038;end=22\/03\/2026&#038;ac=A&#038;nbr=A\">\n\t\t\t\t\t\t<span class=\"elementor-button-content-wrapper\">\n\t\t\t\t\t\t\t\t\t<span class=\"elementor-button-text\">Sjekk tilgjengelighet<\/span>\n\t\t\t\t\t<\/span>\n\t\t\t\t\t<\/a>\n\t\t\t\t<\/div>\n\t\t\t\t\t\t\t\t<\/div>\n\t\t\t\t<\/div>\n\t\t\t\t<\/div>\n\t\t\t\t<\/div>\n\t\t\t\t<\/div>\n\t\t<div class=\"elementor-element elementor-element-35904ac e-con-full elementor-hidden-mobile elementor-hidden-tablet e-flex e-con e-child\" data-id=\"35904ac\" data-element_type=\"container\" data-e-type=\"container\">\n\t\t\t\t<div class=\"elementor-element elementor-element-2200a8d elementor-widget elementor-widget-heading\" data-id=\"2200a8d\" data-element_type=\"widget\" data-e-type=\"widget\" data-widget_type=\"heading.default\">\n\t\t\t\t<div class=\"elementor-widget-container\">\n\t\t\t\t\t<h2 class=\"elementor-heading-title elementor-size-default\"><br>Camping <\/h2>\t\t\t\t<\/div>\n\t\t\t\t<\/div>\n\t\t<div class=\"elementor-element elementor-element-c2e4e74 e-grid e-con-full elementor-hidden-mobile e-con e-child\" data-id=\"c2e4e74\" data-element_type=\"container\" data-e-type=\"container\">\n\t\t\t\t<div class=\"elementor-element elementor-element-87d7a22 elementor-widget elementor-widget-image\" data-id=\"87d7a22\" data-element_type=\"widget\" data-e-type=\"widget\" data-widget_type=\"image.default\">\n\t\t\t\t<div class=\"elementor-widget-container\">\n\t\t\t\t\t\t\t\t\t\t\t\t\t\t\t<img loading=\"lazy\" decoding=\"async\" width=\"800\" height=\"596\" src=\"https:\/\/www.visital.no\/wp-content\/uploads\/2026\/03\/torpomoen-camping-1024x763.webp\" class=\"attachment-large size-large wp-image-5000\" alt=\"Torpomoen camping i \u00c5l\" srcset=\"https:\/\/www.visital.no\/wp-content\/uploads\/2026\/03\/torpomoen-camping-1024x763.webp 1024w, https:\/\/www.visital.no\/wp-content\/uploads\/2026\/03\/torpomoen-camping-300x223.webp 300w, https:\/\/www.visital.no\/wp-content\/uploads\/2026\/03\/torpomoen-camping-768x572.webp 768w, https:\/\/www.visital.no\/wp-content\/uploads\/2026\/03\/torpomoen-camping-16x12.webp 16w, https:\/\/www.visital.no\/wp-content\/uploads\/2026\/03\/torpomoen-camping.webp 1450w\" sizes=\"(max-width: 800px) 100vw, 800px\" \/>\t\t\t\t\t\t\t\t\t\t\t\t\t\t\t<\/div>\n\t\t\t\t<\/div>\n\t\t\t\t<div class=\"elementor-element elementor-element-212324b elementor-widget elementor-widget-image\" data-id=\"212324b\" data-element_type=\"widget\" data-e-type=\"widget\" data-widget_type=\"image.default\">\n\t\t\t\t<div class=\"elementor-widget-container\">\n\t\t\t\t\t\t\t\t\t\t\t\t\t\t\t<img loading=\"lazy\" decoding=\"async\" width=\"800\" height=\"596\" src=\"https:\/\/www.visital.no\/wp-content\/uploads\/2026\/03\/topcamp-camping-1024x763.webp\" class=\"attachment-large size-large wp-image-4998\" alt=\"Topcamp camping I \u00c5l\" srcset=\"https:\/\/www.visital.no\/wp-content\/uploads\/2026\/03\/topcamp-camping-1024x763.webp 1024w, https:\/\/www.visital.no\/wp-content\/uploads\/2026\/03\/topcamp-camping-300x223.webp 300w, https:\/\/www.visital.no\/wp-content\/uploads\/2026\/03\/topcamp-camping-768x572.webp 768w, https:\/\/www.visital.no\/wp-content\/uploads\/2026\/03\/topcamp-camping-16x12.webp 16w, https:\/\/www.visital.no\/wp-content\/uploads\/2026\/03\/topcamp-camping.webp 1450w\" sizes=\"(max-width: 800px) 100vw, 800px\" \/>\t\t\t\t\t\t\t\t\t\t\t\t\t\t\t<\/div>\n\t\t\t\t<\/div>\n\t\t\t\t<div class=\"elementor-element elementor-element-991778a elementor-widget elementor-widget-spacer\" data-id=\"991778a\" data-element_type=\"widget\" data-e-type=\"widget\" data-widget_type=\"spacer.default\">\n\t\t\t\t<div class=\"elementor-widget-container\">\n\t\t\t\t\t\t\t<div class=\"elementor-spacer\">\n\t\t\t<div class=\"elementor-spacer-inner\"><\/div>\n\t\t<\/div>\n\t\t\t\t\t\t<\/div>\n\t\t\t\t<\/div>\n\t\t\t\t<\/div>\n\t\t<div class=\"elementor-element elementor-element-50960de e-grid e-con-full e-con e-child\" data-id=\"50960de\" data-element_type=\"container\" data-e-type=\"container\">\n\t\t\t\t<div class=\"elementor-element elementor-element-f30aff9 elementor-widget elementor-widget-text-editor\" data-id=\"f30aff9\" data-element_type=\"widget\" data-e-type=\"widget\" data-widget_type=\"text-editor.default\">\n\t\t\t\t<div class=\"elementor-widget-container\">\n\t\t\t\t\t\t\t\t\t<h3>Torpomoen<\/h3><div class=\"flex flex-col text-sm pb-25\"><article class=\"text-token-text-primary w-full focus:outline-none [--shadow-height:45px] has-data-writing-block:pointer-events-none has-data-writing-block:-mt-(--shadow-height) has-data-writing-block:pt-(--shadow-height) [&amp;:has([data-writing-block])&gt;*]:pointer-events-auto scroll-mt-[calc(var(--header-height)+min(200px,max(70px,20svh)))]\" dir=\"auto\" tabindex=\"-1\" data-turn-id=\"request-69abe9af-e434-8396-8e97-f82b4aad9f94-19\" data-testid=\"conversation-turn-35\" data-scroll-anchor=\"true\" data-turn=\"assistant\"><div class=\"text-base my-auto mx-auto pb-10 [--thread-content-margin:--spacing(4)] @w-sm\/main:[--thread-content-margin:--spacing(6)] @w-lg\/main:[--thread-content-margin:--spacing(16)] px-(--thread-content-margin)\"><div class=\"[--thread-content-max-width:40rem] @w-lg\/main:[--thread-content-max-width:48rem] mx-auto max-w-(--thread-content-max-width) flex-1 group\/turn-messages focus-visible:outline-hidden relative flex w-full min-w-0 flex-col agent-turn\" tabindex=\"-1\"><div class=\"flex max-w-full flex-col grow\"><div class=\"min-h-8 text-message relative flex w-full flex-col items-end gap-2 text-start break-words whitespace-normal [.text-message+&amp;]:mt-1\" dir=\"auto\" data-message-author-role=\"assistant\" data-message-id=\"81403e56-e54e-4eda-afee-cb2009e4fcd9\" data-message-model-slug=\"gpt-5-2-thinking\"><div class=\"flex w-full flex-col gap-1 empty:hidden first:pt-[1px]\"><div class=\"markdown prose dark:prose-invert w-full wrap-break-word dark markdown-new-styling\"><div class=\"flex flex-col text-sm pb-25\"><article class=\"text-token-text-primary w-full focus:outline-none [--shadow-height:45px] has-data-writing-block:pointer-events-none has-data-writing-block:-mt-(--shadow-height) has-data-writing-block:pt-(--shadow-height) [&amp;:has([data-writing-block])&gt;*]:pointer-events-auto scroll-mt-[calc(var(--header-height)+min(200px,max(70px,20svh)))]\" dir=\"auto\" tabindex=\"-1\" data-turn-id=\"request-69abe9af-e434-8396-8e97-f82b4aad9f94-20\" data-testid=\"conversation-turn-37\" data-scroll-anchor=\"true\" data-turn=\"assistant\"><div class=\"text-base my-auto mx-auto pb-10 [--thread-content-margin:--spacing(4)] @w-sm\/main:[--thread-content-margin:--spacing(6)] @w-lg\/main:[--thread-content-margin:--spacing(16)] px-(--thread-content-margin)\"><div class=\"[--thread-content-max-width:40rem] @w-lg\/main:[--thread-content-max-width:48rem] mx-auto max-w-(--thread-content-max-width) flex-1 group\/turn-messages focus-visible:outline-hidden relative flex w-full min-w-0 flex-col agent-turn\" tabindex=\"-1\"><div class=\"flex max-w-full flex-col grow\"><div class=\"min-h-8 text-message relative flex w-full flex-col items-end gap-2 text-start break-words whitespace-normal [.text-message+&amp;]:mt-1\" dir=\"auto\" data-message-author-role=\"assistant\" data-message-id=\"879e6c81-2e7d-469f-8026-71de582dd31c\" data-message-model-slug=\"gpt-5-2-thinking\"><div class=\"flex w-full flex-col gap-1 empty:hidden first:pt-[1px]\"><div class=\"markdown prose dark:prose-invert w-full wrap-break-word dark markdown-new-styling\"><p data-start=\"0\" data-end=\"239\" data-is-last-node=\"\" data-is-only-node=\"\">P\u00e5 Torpomoen kan du bo p\u00e5 rom eller overnatte i egen bobil eller campingvogn. Det er selvbetjent parkering med str\u00f8m, vann og t\u00f8mmestasjon, og frokost kan bestilles som tillegg ved minimum antall bestillinger eller lages p\u00e5 felles kj\u00f8kken. Det tar ca. 10 min \u00e5 kj\u00f8re til b\u00e5de \u00c5l Skisenter og \u00c5l Sentrum herfra.\u00a0<\/p><\/div><\/div><\/div><\/div><\/div><\/div><\/article><\/div><\/div><\/div><\/div><\/div><div class=\"mt-3 w-full empty:hidden\"><div class=\"text-center\">\u00a0<\/div><\/div><\/div><\/div><\/article><\/div>\t\t\t\t\t\t\t\t<\/div>\n\t\t\t\t<\/div>\n\t\t\t\t<div class=\"elementor-element elementor-element-0418c59 elementor-widget elementor-widget-text-editor\" data-id=\"0418c59\" data-element_type=\"widget\" data-e-type=\"widget\" data-widget_type=\"text-editor.default\">\n\t\t\t\t<div class=\"elementor-widget-container\">\n\t\t\t\t\t\t\t\t\t<h3>Topcamp Hallngdal<\/h3><p>Topcamp Hallingdal tilbyr 6 stjernes camping, med plasser for bobil, campingvogn og telt, i tillegg er det mulighet til \u00e5 leie hytter. Fra campingen tar det ca. 20 min \u00e5 g\u00e5 til \u00c5l sentrum, og 10 minutter med bil til \u00c5l Skisenter.\u00a0<\/p>\t\t\t\t\t\t\t\t<\/div>\n\t\t\t\t<\/div>\n\t\t\t\t<div class=\"elementor-element elementor-element-0b2aae3 elementor-widget elementor-widget-spacer\" data-id=\"0b2aae3\" data-element_type=\"widget\" data-e-type=\"widget\" data-widget_type=\"spacer.default\">\n\t\t\t\t<div class=\"elementor-widget-container\">\n\t\t\t\t\t\t\t<div class=\"elementor-spacer\">\n\t\t\t<div class=\"elementor-spacer-inner\"><\/div>\n\t\t<\/div>\n\t\t\t\t\t\t<\/div>\n\t\t\t\t<\/div>\n\t\t\t\t<\/div>\n\t\t<div class=\"elementor-element elementor-element-ae48253 e-grid e-con-full e-transform e-transform e-con e-child\" data-id=\"ae48253\" data-element_type=\"container\" data-e-type=\"container\" data-settings=\"{&quot;_transform_translateX_effect&quot;:{&quot;unit&quot;:&quot;px&quot;,&quot;size&quot;:&quot;&quot;,&quot;sizes&quot;:[]},&quot;_transform_translateX_effect_tablet&quot;:{&quot;unit&quot;:&quot;px&quot;,&quot;size&quot;:&quot;&quot;,&quot;sizes&quot;:[]},&quot;_transform_translateX_effect_mobile&quot;:{&quot;unit&quot;:&quot;px&quot;,&quot;size&quot;:&quot;&quot;,&quot;sizes&quot;:[]},&quot;_transform_translateY_effect&quot;:{&quot;unit&quot;:&quot;px&quot;,&quot;size&quot;:&quot;&quot;,&quot;sizes&quot;:[]},&quot;_transform_translateY_effect_tablet&quot;:{&quot;unit&quot;:&quot;px&quot;,&quot;size&quot;:&quot;&quot;,&quot;sizes&quot;:[]},&quot;_transform_translateY_effect_mobile&quot;:{&quot;unit&quot;:&quot;px&quot;,&quot;size&quot;:&quot;&quot;,&quot;sizes&quot;:[]},&quot;_transform_scale_effect&quot;:{&quot;unit&quot;:&quot;px&quot;,&quot;size&quot;:&quot;&quot;,&quot;sizes&quot;:[]},&quot;_transform_scale_effect_tablet&quot;:{&quot;unit&quot;:&quot;px&quot;,&quot;size&quot;:&quot;&quot;,&quot;sizes&quot;:[]},&quot;_transform_scale_effect_mobile&quot;:{&quot;unit&quot;:&quot;px&quot;,&quot;size&quot;:&quot;&quot;,&quot;sizes&quot;:[]}}\">\n\t\t\t\t<div class=\"elementor-element elementor-element-6f41e04 elementor-align-center elementor-widget elementor-widget-button\" data-id=\"6f41e04\" data-element_type=\"widget\" data-e-type=\"widget\" data-widget_type=\"button.default\">\n\t\t\t\t<div class=\"elementor-widget-container\">\n\t\t\t\t\t\t\t\t\t<div class=\"elementor-button-wrapper\">\n\t\t\t\t\t<a class=\"elementor-button elementor-button-link elementor-size-sm\" href=\"https:\/\/www.torpomoen.no\/no\/overnatting\/campingplass\/\">\n\t\t\t\t\t\t<span class=\"elementor-button-content-wrapper\">\n\t\t\t\t\t\t\t\t\t<span class=\"elementor-button-text\">Sjekk tilgjengelighet<\/span>\n\t\t\t\t\t<\/span>\n\t\t\t\t\t<\/a>\n\t\t\t\t<\/div>\n\t\t\t\t\t\t\t\t<\/div>\n\t\t\t\t<\/div>\n\t\t\t\t<div class=\"elementor-element elementor-element-e55bb4a elementor-align-center elementor-widget elementor-widget-button\" data-id=\"e55bb4a\" data-element_type=\"widget\" data-e-type=\"widget\" data-widget_type=\"button.default\">\n\t\t\t\t<div class=\"elementor-widget-container\">\n\t\t\t\t\t\t\t\t\t<div class=\"elementor-button-wrapper\">\n\t\t\t\t\t<a class=\"elementor-button elementor-button-link elementor-size-sm\" href=\"https:\/\/topcamp.no\/topcamp-hallingdal\">\n\t\t\t\t\t\t<span class=\"elementor-button-content-wrapper\">\n\t\t\t\t\t\t\t\t\t<span class=\"elementor-button-text\">Sjekk tilgjengelighet<\/span>\n\t\t\t\t\t<\/span>\n\t\t\t\t\t<\/a>\n\t\t\t\t<\/div>\n\t\t\t\t\t\t\t\t<\/div>\n\t\t\t\t<\/div>\n\t\t\t\t<div class=\"elementor-element elementor-element-cedef69 elementor-widget elementor-widget-spacer\" data-id=\"cedef69\" data-element_type=\"widget\" data-e-type=\"widget\" data-widget_type=\"spacer.default\">\n\t\t\t\t<div class=\"elementor-widget-container\">\n\t\t\t\t\t\t\t<div class=\"elementor-spacer\">\n\t\t\t<div class=\"elementor-spacer-inner\"><\/div>\n\t\t<\/div>\n\t\t\t\t\t\t<\/div>\n\t\t\t\t<\/div>\n\t\t\t\t<\/div>\n\t\t<div class=\"elementor-element elementor-element-6c5234a e-con-full e-flex e-con e-child\" data-id=\"6c5234a\" data-element_type=\"container\" data-e-type=\"container\">\n\t\t\t\t<div class=\"elementor-element elementor-element-7e7d81c elementor-widget elementor-widget-heading\" data-id=\"7e7d81c\" data-element_type=\"widget\" data-e-type=\"widget\" data-widget_type=\"heading.default\">\n\t\t\t\t<div class=\"elementor-widget-container\">\n\t\t\t\t\t<h2 class=\"elementor-heading-title elementor-size-default\"><br>Historiske Pensjonat<\/h2>\t\t\t\t<\/div>\n\t\t\t\t<\/div>\n\t\t<div class=\"elementor-element elementor-element-c2a3722 e-grid e-con-full e-con e-child\" data-id=\"c2a3722\" data-element_type=\"container\" data-e-type=\"container\">\n\t\t\t\t<div class=\"elementor-element elementor-element-a20423d elementor-widget elementor-widget-image\" data-id=\"a20423d\" data-element_type=\"widget\" data-e-type=\"widget\" data-widget_type=\"image.default\">\n\t\t\t\t<div class=\"elementor-widget-container\">\n\t\t\t\t\t\t\t\t\t\t\t\t\t\t\t<img loading=\"lazy\" decoding=\"async\" width=\"800\" height=\"596\" src=\"https:\/\/www.visital.no\/wp-content\/uploads\/2026\/03\/aal-pensjonat-1024x763.webp\" class=\"attachment-large size-large wp-image-4990\" alt=\"historiske Aal Pensjonat i \u00c5l\" srcset=\"https:\/\/www.visital.no\/wp-content\/uploads\/2026\/03\/aal-pensjonat-1024x763.webp 1024w, https:\/\/www.visital.no\/wp-content\/uploads\/2026\/03\/aal-pensjonat-300x223.webp 300w, https:\/\/www.visital.no\/wp-content\/uploads\/2026\/03\/aal-pensjonat-768x572.webp 768w, https:\/\/www.visital.no\/wp-content\/uploads\/2026\/03\/aal-pensjonat-16x12.webp 16w, https:\/\/www.visital.no\/wp-content\/uploads\/2026\/03\/aal-pensjonat.webp 1450w\" sizes=\"(max-width: 800px) 100vw, 800px\" \/>\t\t\t\t\t\t\t\t\t\t\t\t\t\t\t<\/div>\n\t\t\t\t<\/div>\n\t\t\t\t<div class=\"elementor-element elementor-element-7cb412e elementor-widget elementor-widget-image\" data-id=\"7cb412e\" data-element_type=\"widget\" data-e-type=\"widget\" data-widget_type=\"image.default\">\n\t\t\t\t<div class=\"elementor-widget-container\">\n\t\t\t\t\t\t\t\t\t\t\t\t\t\t\t<img loading=\"lazy\" decoding=\"async\" width=\"800\" height=\"596\" src=\"https:\/\/www.visital.no\/wp-content\/uploads\/2026\/03\/opheim-pensjonat-1024x763.webp\" class=\"attachment-large size-large wp-image-4994\" alt=\"Historiske Opheim Pensjonat p\u00e5 Torpo\" srcset=\"https:\/\/www.visital.no\/wp-content\/uploads\/2026\/03\/opheim-pensjonat-1024x763.webp 1024w, https:\/\/www.visital.no\/wp-content\/uploads\/2026\/03\/opheim-pensjonat-300x223.webp 300w, https:\/\/www.visital.no\/wp-content\/uploads\/2026\/03\/opheim-pensjonat-768x572.webp 768w, https:\/\/www.visital.no\/wp-content\/uploads\/2026\/03\/opheim-pensjonat-16x12.webp 16w, https:\/\/www.visital.no\/wp-content\/uploads\/2026\/03\/opheim-pensjonat.webp 1450w\" sizes=\"(max-width: 800px) 100vw, 800px\" \/>\t\t\t\t\t\t\t\t\t\t\t\t\t\t\t<\/div>\n\t\t\t\t<\/div>\n\t\t\t\t<div class=\"elementor-element elementor-element-b1267e5 elementor-widget elementor-widget-spacer\" data-id=\"b1267e5\" data-element_type=\"widget\" data-e-type=\"widget\" data-widget_type=\"spacer.default\">\n\t\t\t\t<div class=\"elementor-widget-container\">\n\t\t\t\t\t\t\t<div class=\"elementor-spacer\">\n\t\t\t<div class=\"elementor-spacer-inner\"><\/div>\n\t\t<\/div>\n\t\t\t\t\t\t<\/div>\n\t\t\t\t<\/div>\n\t\t\t\t<\/div>\n\t\t<div class=\"elementor-element elementor-element-45a64da e-grid e-con-full e-con e-child\" data-id=\"45a64da\" data-element_type=\"container\" data-e-type=\"container\">\n\t\t\t\t<div class=\"elementor-element elementor-element-99b8f6a elementor-widget elementor-widget-text-editor\" data-id=\"99b8f6a\" data-element_type=\"widget\" data-e-type=\"widget\" data-widget_type=\"text-editor.default\">\n\t\t\t\t<div class=\"elementor-widget-container\">\n\t\t\t\t\t\t\t\t\t<h3>Aal Pensjonat<\/h3><p>Aal Pensjonat er et Bed and Breakfast midt i \u00c5l sentrum. Huset har 4 rom med felles oppholdsrom og fullt utstyrt kj\u00f8kken, og det er mulig med selvhushold. Frokostmeny kan avtales i tillegg til overnatting. Estimert kj\u00f8retid til \u00c5l Skisenter: ca. 10 min<\/p>\t\t\t\t\t\t\t\t<\/div>\n\t\t\t\t<\/div>\n\t\t\t\t<div class=\"elementor-element elementor-element-28de21f elementor-widget elementor-widget-text-editor\" data-id=\"28de21f\" data-element_type=\"widget\" data-e-type=\"widget\" data-widget_type=\"text-editor.default\">\n\t\t\t\t<div class=\"elementor-widget-container\">\n\t\t\t\t\t\t\t\t\t<h3>Opheim Pensjonat<\/h3><p>Opheim Pensjonat ligger p\u00e5 Torpo, og er et lite pensjonat med historie. Pensjonatet har 5 rom med totalt 11 sengeplasser, med gjestekj\u00f8kken og stue til disposisjon. Pensjonatet ligger ca. 15 min kj\u00f8retur unna b\u00e5de \u00c5l Skisenter og \u00c5l Sentrum hvor seremonien avholdes.\u00a0<\/p>\t\t\t\t\t\t\t\t<\/div>\n\t\t\t\t<\/div>\n\t\t\t\t<div class=\"elementor-element elementor-element-858525d elementor-widget elementor-widget-spacer\" data-id=\"858525d\" data-element_type=\"widget\" data-e-type=\"widget\" data-widget_type=\"spacer.default\">\n\t\t\t\t<div class=\"elementor-widget-container\">\n\t\t\t\t\t\t\t<div class=\"elementor-spacer\">\n\t\t\t<div class=\"elementor-spacer-inner\"><\/div>\n\t\t<\/div>\n\t\t\t\t\t\t<\/div>\n\t\t\t\t<\/div>\n\t\t\t\t<\/div>\n\t\t<div class=\"elementor-element elementor-element-ca34046 e-grid e-con-full e-transform e-transform e-con e-child\" data-id=\"ca34046\" data-element_type=\"container\" data-e-type=\"container\" data-settings=\"{&quot;_transform_translateX_effect&quot;:{&quot;unit&quot;:&quot;px&quot;,&quot;size&quot;:&quot;&quot;,&quot;sizes&quot;:[]},&quot;_transform_translateX_effect_tablet&quot;:{&quot;unit&quot;:&quot;px&quot;,&quot;size&quot;:&quot;&quot;,&quot;sizes&quot;:[]},&quot;_transform_translateX_effect_mobile&quot;:{&quot;unit&quot;:&quot;px&quot;,&quot;size&quot;:&quot;&quot;,&quot;sizes&quot;:[]},&quot;_transform_translateY_effect&quot;:{&quot;unit&quot;:&quot;px&quot;,&quot;size&quot;:&quot;&quot;,&quot;sizes&quot;:[]},&quot;_transform_translateY_effect_tablet&quot;:{&quot;unit&quot;:&quot;px&quot;,&quot;size&quot;:&quot;&quot;,&quot;sizes&quot;:[]},&quot;_transform_translateY_effect_mobile&quot;:{&quot;unit&quot;:&quot;px&quot;,&quot;size&quot;:&quot;&quot;,&quot;sizes&quot;:[]},&quot;_transform_scale_effect&quot;:{&quot;unit&quot;:&quot;px&quot;,&quot;size&quot;:&quot;&quot;,&quot;sizes&quot;:[]},&quot;_transform_scale_effect_tablet&quot;:{&quot;unit&quot;:&quot;px&quot;,&quot;size&quot;:&quot;&quot;,&quot;sizes&quot;:[]},&quot;_transform_scale_effect_mobile&quot;:{&quot;unit&quot;:&quot;px&quot;,&quot;size&quot;:&quot;&quot;,&quot;sizes&quot;:[]}}\">\n\t\t\t\t<div class=\"elementor-element elementor-element-1f774a7 elementor-align-center elementor-widget elementor-widget-button\" data-id=\"1f774a7\" data-element_type=\"widget\" data-e-type=\"widget\" data-widget_type=\"button.default\">\n\t\t\t\t<div class=\"elementor-widget-container\">\n\t\t\t\t\t\t\t\t\t<div class=\"elementor-button-wrapper\">\n\t\t\t\t\t<a class=\"elementor-button elementor-button-link elementor-size-sm\" href=\"https:\/\/aalpensjonat.no\/\">\n\t\t\t\t\t\t<span class=\"elementor-button-content-wrapper\">\n\t\t\t\t\t\t\t\t\t<span class=\"elementor-button-text\">Sjekk tilgjengelighet<\/span>\n\t\t\t\t\t<\/span>\n\t\t\t\t\t<\/a>\n\t\t\t\t<\/div>\n\t\t\t\t\t\t\t\t<\/div>\n\t\t\t\t<\/div>\n\t\t\t\t<div class=\"elementor-element elementor-element-a1a42dc elementor-align-center elementor-widget elementor-widget-button\" data-id=\"a1a42dc\" data-element_type=\"widget\" data-e-type=\"widget\" data-widget_type=\"button.default\">\n\t\t\t\t<div class=\"elementor-widget-container\">\n\t\t\t\t\t\t\t\t\t<div class=\"elementor-button-wrapper\">\n\t\t\t\t\t<a class=\"elementor-button elementor-button-link elementor-size-sm\" href=\"https:\/\/www.pensjonatet.no\/\">\n\t\t\t\t\t\t<span class=\"elementor-button-content-wrapper\">\n\t\t\t\t\t\t\t\t\t<span class=\"elementor-button-text\">Sjekk tilgjengelighet<\/span>\n\t\t\t\t\t<\/span>\n\t\t\t\t\t<\/a>\n\t\t\t\t<\/div>\n\t\t\t\t\t\t\t\t<\/div>\n\t\t\t\t<\/div>\n\t\t\t\t<div class=\"elementor-element elementor-element-b63a7f5 elementor-widget elementor-widget-spacer\" data-id=\"b63a7f5\" data-element_type=\"widget\" data-e-type=\"widget\" data-widget_type=\"spacer.default\">\n\t\t\t\t<div class=\"elementor-widget-container\">\n\t\t\t\t\t\t\t<div class=\"elementor-spacer\">\n\t\t\t<div class=\"elementor-spacer-inner\"><\/div>\n\t\t<\/div>\n\t\t\t\t\t\t<\/div>\n\t\t\t\t<\/div>\n\t\t\t\t<\/div>\n\t\t\t\t<\/div>\n\t\t\t\t<\/div>\n\t\t<div class=\"elementor-element elementor-element-4920df9 e-con-full elementor-hidden-desktop e-flex e-con e-child\" data-id=\"4920df9\" data-element_type=\"container\" data-e-type=\"container\">\n\t\t\t\t<div class=\"elementor-element elementor-element-d42f900 elementor-widget elementor-widget-heading\" data-id=\"d42f900\" data-element_type=\"widget\" data-e-type=\"widget\" data-widget_type=\"heading.default\">\n\t\t\t\t<div class=\"elementor-widget-container\">\n\t\t\t\t\t<h2 class=\"elementor-heading-title elementor-size-default\"><br>Hotell<\/h2>\t\t\t\t<\/div>\n\t\t\t\t<\/div>\n\t\t\t\t<div class=\"elementor-element elementor-element-fc9551a elementor-widget elementor-widget-image\" data-id=\"fc9551a\" data-element_type=\"widget\" data-e-type=\"widget\" data-widget_type=\"image.default\">\n\t\t\t\t<div class=\"elementor-widget-container\">\n\t\t\t\t\t\t\t\t\t\t\t\t\t\t\t<img fetchpriority=\"high\" decoding=\"async\" width=\"1450\" height=\"1080\" src=\"https:\/\/www.visital.no\/wp-content\/uploads\/2026\/03\/thon-hotell-hallingdal.webp\" class=\"attachment-full size-full wp-image-4997\" alt=\"Thon Hotel i Hallingdal vinterkledd\" srcset=\"https:\/\/www.visital.no\/wp-content\/uploads\/2026\/03\/thon-hotell-hallingdal.webp 1450w, https:\/\/www.visital.no\/wp-content\/uploads\/2026\/03\/thon-hotell-hallingdal-300x223.webp 300w, https:\/\/www.visital.no\/wp-content\/uploads\/2026\/03\/thon-hotell-hallingdal-1024x763.webp 1024w, https:\/\/www.visital.no\/wp-content\/uploads\/2026\/03\/thon-hotell-hallingdal-768x572.webp 768w, https:\/\/www.visital.no\/wp-content\/uploads\/2026\/03\/thon-hotell-hallingdal-16x12.webp 16w\" sizes=\"(max-width: 1450px) 100vw, 1450px\" \/>\t\t\t\t\t\t\t\t\t\t\t\t\t\t\t<\/div>\n\t\t\t\t<\/div>\n\t\t\t\t<div class=\"elementor-element elementor-element-618a4e9 elementor-widget elementor-widget-text-editor\" data-id=\"618a4e9\" data-element_type=\"widget\" data-e-type=\"widget\" data-widget_type=\"text-editor.default\">\n\t\t\t\t<div class=\"elementor-widget-container\">\n\t\t\t\t\t\t\t\t\t<h3>Thon Hotell<\/h3><p>Thon Hotel Hallingdal ligger midt i sentrum i umidelbar n\u00e6rhet til \u00e5pningsshowet og premieutdelingen p\u00e5 Kulturhuset og en rekke spisesteder. Mulighet for rom med frokost, for de som \u00f8nsker en enkel start p\u00e5 dagen.\u00a0<\/p>\t\t\t\t\t\t\t\t<\/div>\n\t\t\t\t<\/div>\n\t\t\t\t<div class=\"elementor-element elementor-element-ef17df6 elementor-align-center elementor-widget elementor-widget-button\" data-id=\"ef17df6\" data-element_type=\"widget\" data-e-type=\"widget\" data-widget_type=\"button.default\">\n\t\t\t\t<div class=\"elementor-widget-container\">\n\t\t\t\t\t\t\t\t\t<div class=\"elementor-button-wrapper\">\n\t\t\t\t\t<a class=\"elementor-button elementor-button-link elementor-size-sm\" href=\"#\">\n\t\t\t\t\t\t<span class=\"elementor-button-content-wrapper\">\n\t\t\t\t\t\t\t\t\t<span class=\"elementor-button-text\">Sjekk tilgjengelighet<\/span>\n\t\t\t\t\t<\/span>\n\t\t\t\t\t<\/a>\n\t\t\t\t<\/div>\n\t\t\t\t\t\t\t\t<\/div>\n\t\t\t\t<\/div>\n\t\t\t\t<div class=\"elementor-element elementor-element-1b82823 elementor-widget elementor-widget-image\" data-id=\"1b82823\" data-element_type=\"widget\" data-e-type=\"widget\" data-widget_type=\"image.default\">\n\t\t\t\t<div class=\"elementor-widget-container\">\n\t\t\t\t\t\t\t\t\t\t\t\t\t\t\t<img decoding=\"async\" width=\"800\" height=\"596\" src=\"https:\/\/www.visital.no\/wp-content\/uploads\/2026\/03\/bergsjostolen-1024x763.webp\" class=\"attachment-large size-large wp-image-4991\" alt=\"Bergsj\u00f8st\u00f8len i \u00c5l\" srcset=\"https:\/\/www.visital.no\/wp-content\/uploads\/2026\/03\/bergsjostolen-1024x763.webp 1024w, https:\/\/www.visital.no\/wp-content\/uploads\/2026\/03\/bergsjostolen-300x223.webp 300w, https:\/\/www.visital.no\/wp-content\/uploads\/2026\/03\/bergsjostolen-768x572.webp 768w, https:\/\/www.visital.no\/wp-content\/uploads\/2026\/03\/bergsjostolen-16x12.webp 16w, https:\/\/www.visital.no\/wp-content\/uploads\/2026\/03\/bergsjostolen.webp 1450w\" sizes=\"(max-width: 800px) 100vw, 800px\" \/>\t\t\t\t\t\t\t\t\t\t\t\t\t\t\t<\/div>\n\t\t\t\t<\/div>\n\t\t\t\t<div class=\"elementor-element elementor-element-b469634 elementor-widget elementor-widget-text-editor\" data-id=\"b469634\" data-element_type=\"widget\" data-e-type=\"widget\" data-widget_type=\"text-editor.default\">\n\t\t\t\t<div class=\"elementor-widget-container\">\n\t\t\t\t\t\t\t\t\t<h3>Bergsj\u00f8st\u00f8len Fjellstue<\/h3><p>Bergsj\u00f8st\u00f8len Fjellstue ligger p\u00e5 h\u00f8yfjellet 1100 moh, en 25 min kj\u00f8retur unna \u00c5l Skisenter. Her f\u00e5r du frokost og middagsservering p\u00e5 stedet, og en fantastisk utsikt ut mot Hallingskarvet.<\/p>\t\t\t\t\t\t\t\t<\/div>\n\t\t\t\t<\/div>\n\t\t\t\t<div class=\"elementor-element elementor-element-993d774 elementor-align-center elementor-widget elementor-widget-button\" data-id=\"993d774\" data-element_type=\"widget\" data-e-type=\"widget\" data-widget_type=\"button.default\">\n\t\t\t\t<div class=\"elementor-widget-container\">\n\t\t\t\t\t\t\t\t\t<div class=\"elementor-button-wrapper\">\n\t\t\t\t\t<a class=\"elementor-button elementor-button-link elementor-size-sm\" href=\"#\">\n\t\t\t\t\t\t<span class=\"elementor-button-content-wrapper\">\n\t\t\t\t\t\t\t\t\t<span class=\"elementor-button-text\">Sjekk tilgjengelighet<\/span>\n\t\t\t\t\t<\/span>\n\t\t\t\t\t<\/a>\n\t\t\t\t<\/div>\n\t\t\t\t\t\t\t\t<\/div>\n\t\t\t\t<\/div>\n\t\t\t\t<div class=\"elementor-element elementor-element-ee711fe elementor-widget elementor-widget-image\" data-id=\"ee711fe\" data-element_type=\"widget\" data-e-type=\"widget\" data-widget_type=\"image.default\">\n\t\t\t\t<div class=\"elementor-widget-container\">\n\t\t\t\t\t\t\t\t\t\t\t\t\t\t\t<img decoding=\"async\" width=\"800\" height=\"596\" src=\"https:\/\/www.visital.no\/wp-content\/uploads\/2026\/03\/rodungstolen-1024x763.webp\" class=\"attachment-large size-large wp-image-4995\" alt=\"R\u00f8dungst\u00f8len i \u00c5l vinterkledd\" srcset=\"https:\/\/www.visital.no\/wp-content\/uploads\/2026\/03\/rodungstolen-1024x763.webp 1024w, https:\/\/www.visital.no\/wp-content\/uploads\/2026\/03\/rodungstolen-300x223.webp 300w, https:\/\/www.visital.no\/wp-content\/uploads\/2026\/03\/rodungstolen-768x572.webp 768w, https:\/\/www.visital.no\/wp-content\/uploads\/2026\/03\/rodungstolen-16x12.webp 16w, https:\/\/www.visital.no\/wp-content\/uploads\/2026\/03\/rodungstolen.webp 1450w\" sizes=\"(max-width: 800px) 100vw, 800px\" \/>\t\t\t\t\t\t\t\t\t\t\t\t\t\t\t<\/div>\n\t\t\t\t<\/div>\n\t\t\t\t<div class=\"elementor-element elementor-element-9eca911 elementor-widget elementor-widget-text-editor\" data-id=\"9eca911\" data-element_type=\"widget\" data-e-type=\"widget\" data-widget_type=\"text-editor.default\">\n\t\t\t\t<div class=\"elementor-widget-container\">\n\t\t\t\t\t\t\t\t\t<h3>R\u00f8dungst\u00f8l H\u00f8yfjellshotell<\/h3><p>R\u00f8dungst\u00f8len ligger idyllisk plassert oppe i h\u00f8yfjellet, og tilbyr b\u00e5de rom, frokost og middag p\u00e5 stedet. Hotellet ligger 23 minutter unna \u00c5l Skisenter, og byr p\u00e5 fantastisk utsikt mot Hallingskarvet.<\/p>\t\t\t\t\t\t\t\t<\/div>\n\t\t\t\t<\/div>\n\t\t\t\t<div class=\"elementor-element elementor-element-e05b58b elementor-align-center elementor-widget elementor-widget-button\" data-id=\"e05b58b\" data-element_type=\"widget\" data-e-type=\"widget\" data-widget_type=\"button.default\">\n\t\t\t\t<div class=\"elementor-widget-container\">\n\t\t\t\t\t\t\t\t\t<div class=\"elementor-button-wrapper\">\n\t\t\t\t\t<a class=\"elementor-button elementor-button-link elementor-size-sm\" href=\"#\">\n\t\t\t\t\t\t<span class=\"elementor-button-content-wrapper\">\n\t\t\t\t\t\t\t\t\t<span class=\"elementor-button-text\">Sjekk tilgjengelighet<\/span>\n\t\t\t\t\t<\/span>\n\t\t\t\t\t<\/a>\n\t\t\t\t<\/div>\n\t\t\t\t\t\t\t\t<\/div>\n\t\t\t\t<\/div>\n\t\t<div class=\"elementor-element elementor-element-e9370bb e-con-full e-flex e-con e-child\" data-id=\"e9370bb\" data-element_type=\"container\" data-e-type=\"container\">\n\t\t\t\t<div class=\"elementor-element elementor-element-dd30b7e elementor-widget elementor-widget-heading\" data-id=\"dd30b7e\" data-element_type=\"widget\" data-e-type=\"widget\" data-widget_type=\"heading.default\">\n\t\t\t\t<div class=\"elementor-widget-container\">\n\t\t\t\t\t<h2 class=\"elementor-heading-title elementor-size-default\"><br>Hytter &amp; leiligheter<\/h2>\t\t\t\t<\/div>\n\t\t\t\t<\/div>\n\t\t\t\t<div class=\"elementor-element elementor-element-6b9164f elementor-widget elementor-widget-image\" data-id=\"6b9164f\" data-element_type=\"widget\" data-e-type=\"widget\" data-widget_type=\"image.default\">\n\t\t\t\t<div class=\"elementor-widget-container\">\n\t\t\t\t\t\t\t\t\t\t\t\t\t\t\t<img loading=\"lazy\" decoding=\"async\" width=\"800\" height=\"596\" src=\"https:\/\/www.visital.no\/wp-content\/uploads\/2026\/03\/skarslia-1024x763.webp\" class=\"attachment-large size-large wp-image-4996\" alt=\"Leiligheten p\u00e5 Skarslia i \u00c5l\" srcset=\"https:\/\/www.visital.no\/wp-content\/uploads\/2026\/03\/skarslia-1024x763.webp 1024w, https:\/\/www.visital.no\/wp-content\/uploads\/2026\/03\/skarslia-300x223.webp 300w, https:\/\/www.visital.no\/wp-content\/uploads\/2026\/03\/skarslia-768x572.webp 768w, https:\/\/www.visital.no\/wp-content\/uploads\/2026\/03\/skarslia-16x12.webp 16w, https:\/\/www.visital.no\/wp-content\/uploads\/2026\/03\/skarslia.webp 1450w\" sizes=\"(max-width: 800px) 100vw, 800px\" \/>\t\t\t\t\t\t\t\t\t\t\t\t\t\t\t<\/div>\n\t\t\t\t<\/div>\n\t\t\t\t<div class=\"elementor-element elementor-element-ee8382d elementor-widget elementor-widget-text-editor\" data-id=\"ee8382d\" data-element_type=\"widget\" data-e-type=\"widget\" data-widget_type=\"text-editor.default\">\n\t\t\t\t<div class=\"elementor-widget-container\">\n\t\t\t\t\t\t\t\t\t<h3>Skarslia<\/h3><p>Skarslia tilbyr leiligheter med selvhushold 18 minutter unna \u00c5l Skisenter. Dette er et alternativ for dere som vil ha leilighet og fast kj\u00f8kkenl\u00f8sning. Leiligheten er tilknyttet Norges st\u00f8rste Akesenter.<\/p>\t\t\t\t\t\t\t\t<\/div>\n\t\t\t\t<\/div>\n\t\t\t\t<div class=\"elementor-element elementor-element-132a472 elementor-align-center elementor-widget elementor-widget-button\" data-id=\"132a472\" data-element_type=\"widget\" data-e-type=\"widget\" data-widget_type=\"button.default\">\n\t\t\t\t<div class=\"elementor-widget-container\">\n\t\t\t\t\t\t\t\t\t<div class=\"elementor-button-wrapper\">\n\t\t\t\t\t<a class=\"elementor-button elementor-button-link elementor-size-sm\" href=\"#\">\n\t\t\t\t\t\t<span class=\"elementor-button-content-wrapper\">\n\t\t\t\t\t\t\t\t\t<span class=\"elementor-button-text\">Sjekk tilgjengelighet<\/span>\n\t\t\t\t\t<\/span>\n\t\t\t\t\t<\/a>\n\t\t\t\t<\/div>\n\t\t\t\t\t\t\t\t<\/div>\n\t\t\t\t<\/div>\n\t\t\t\t<div class=\"elementor-element elementor-element-b7b0865 elementor-widget elementor-widget-image\" data-id=\"b7b0865\" data-element_type=\"widget\" data-e-type=\"widget\" data-widget_type=\"image.default\">\n\t\t\t\t<div class=\"elementor-widget-container\">\n\t\t\t\t\t\t\t\t\t\t\t\t\t\t\t<img loading=\"lazy\" decoding=\"async\" width=\"800\" height=\"596\" src=\"https:\/\/www.visital.no\/wp-content\/uploads\/2026\/03\/topcamp-1024x763.webp\" class=\"attachment-large size-large wp-image-4999\" alt=\"Topcamp hytte i \u00c5l\" srcset=\"https:\/\/www.visital.no\/wp-content\/uploads\/2026\/03\/topcamp-1024x763.webp 1024w, https:\/\/www.visital.no\/wp-content\/uploads\/2026\/03\/topcamp-300x223.webp 300w, https:\/\/www.visital.no\/wp-content\/uploads\/2026\/03\/topcamp-768x572.webp 768w, https:\/\/www.visital.no\/wp-content\/uploads\/2026\/03\/topcamp-16x12.webp 16w, https:\/\/www.visital.no\/wp-content\/uploads\/2026\/03\/topcamp.webp 1450w\" sizes=\"(max-width: 800px) 100vw, 800px\" \/>\t\t\t\t\t\t\t\t\t\t\t\t\t\t\t<\/div>\n\t\t\t\t<\/div>\n\t\t\t\t<div class=\"elementor-element elementor-element-d769258 elementor-widget elementor-widget-text-editor\" data-id=\"d769258\" data-element_type=\"widget\" data-e-type=\"widget\" data-widget_type=\"text-editor.default\">\n\t\t\t\t<div class=\"elementor-widget-container\">\n\t\t\t\t\t\t\t\t\t<h3>Topcamp Hallingdal<\/h3><p>Topcamp Hallingdal tilbyr topp moderne hytter\/leiligheter i n\u00e6rheten av \u00c5l sentrum hvor seremonien avholdes. Herfra tar det ca. 20 minutter til fots, og 3 minutter med bil.\u00a0<\/p>\t\t\t\t\t\t\t\t<\/div>\n\t\t\t\t<\/div>\n\t\t\t\t<div class=\"elementor-element elementor-element-eba804d elementor-align-center elementor-widget elementor-widget-button\" data-id=\"eba804d\" data-element_type=\"widget\" data-e-type=\"widget\" data-widget_type=\"button.default\">\n\t\t\t\t<div class=\"elementor-widget-container\">\n\t\t\t\t\t\t\t\t\t<div class=\"elementor-button-wrapper\">\n\t\t\t\t\t<a class=\"elementor-button elementor-button-link elementor-size-sm\" href=\"#\">\n\t\t\t\t\t\t<span class=\"elementor-button-content-wrapper\">\n\t\t\t\t\t\t\t\t\t<span class=\"elementor-button-text\">Sjekk tilgjengelighet<\/span>\n\t\t\t\t\t<\/span>\n\t\t\t\t\t<\/a>\n\t\t\t\t<\/div>\n\t\t\t\t\t\t\t\t<\/div>\n\t\t\t\t<\/div>\n\t\t\t\t<div class=\"elementor-element elementor-element-d4926bd elementor-widget elementor-widget-image\" data-id=\"d4926bd\" data-element_type=\"widget\" data-e-type=\"widget\" data-widget_type=\"image.default\">\n\t\t\t\t<div class=\"elementor-widget-container\">\n\t\t\t\t\t\t\t\t\t\t\t\t\t\t\t<img loading=\"lazy\" decoding=\"async\" width=\"800\" height=\"596\" src=\"https:\/\/www.visital.no\/wp-content\/uploads\/2026\/03\/tretophytta-1024x763.webp\" class=\"attachment-large size-large wp-image-5002\" alt=\"Tretopphytta p\u00e5 Tveitehaug G\u00e5rd i \u00c5l\" srcset=\"https:\/\/www.visital.no\/wp-content\/uploads\/2026\/03\/tretophytta-1024x763.webp 1024w, https:\/\/www.visital.no\/wp-content\/uploads\/2026\/03\/tretophytta-300x223.webp 300w, https:\/\/www.visital.no\/wp-content\/uploads\/2026\/03\/tretophytta-768x572.webp 768w, https:\/\/www.visital.no\/wp-content\/uploads\/2026\/03\/tretophytta-16x12.webp 16w, https:\/\/www.visital.no\/wp-content\/uploads\/2026\/03\/tretophytta.webp 1450w\" sizes=\"(max-width: 800px) 100vw, 800px\" \/>\t\t\t\t\t\t\t\t\t\t\t\t\t\t\t<\/div>\n\t\t\t\t<\/div>\n\t\t\t\t<div class=\"elementor-element elementor-element-3847343 elementor-widget elementor-widget-text-editor\" data-id=\"3847343\" data-element_type=\"widget\" data-e-type=\"widget\" data-widget_type=\"text-editor.default\">\n\t\t\t\t<div class=\"elementor-widget-container\">\n\t\t\t\t\t\t\t\t\t<h3>Tveitehaug Gard<\/h3><p>Tveitehaug Gard tilbyr flere utleiehytter og en tretopphytte for de som \u00f8nsker seg en helt spesiell opplevelse. I tillegg driver de med alpakkaer, til stor begeistring for de minste. Mulighet for \u00e5 b\u00e5de g\u00e5 tur og hilse p\u00e5 disse herlige vennene.\u00a0<\/p>\t\t\t\t\t\t\t\t<\/div>\n\t\t\t\t<\/div>\n\t\t\t\t<div class=\"elementor-element elementor-element-64c4969 elementor-align-center elementor-widget elementor-widget-button\" data-id=\"64c4969\" data-element_type=\"widget\" data-e-type=\"widget\" data-widget_type=\"button.default\">\n\t\t\t\t<div class=\"elementor-widget-container\">\n\t\t\t\t\t\t\t\t\t<div class=\"elementor-button-wrapper\">\n\t\t\t\t\t<a class=\"elementor-button elementor-button-link elementor-size-sm\" href=\"#\">\n\t\t\t\t\t\t<span class=\"elementor-button-content-wrapper\">\n\t\t\t\t\t\t\t\t\t<span class=\"elementor-button-text\">Sjekk tilgjengelighet<\/span>\n\t\t\t\t\t<\/span>\n\t\t\t\t\t<\/a>\n\t\t\t\t<\/div>\n\t\t\t\t\t\t\t\t<\/div>\n\t\t\t\t<\/div>\n\t\t<div class=\"elementor-element elementor-element-eb6bffe e-con-full e-flex e-con e-child\" data-id=\"eb6bffe\" data-element_type=\"container\" data-e-type=\"container\">\n\t\t\t\t<div class=\"elementor-element elementor-element-bf0e4bc elementor-widget elementor-widget-spacer\" data-id=\"bf0e4bc\" data-element_type=\"widget\" data-e-type=\"widget\" data-widget_type=\"spacer.default\">\n\t\t\t\t<div class=\"elementor-widget-container\">\n\t\t\t\t\t\t\t<div class=\"elementor-spacer\">\n\t\t\t<div class=\"elementor-spacer-inner\"><\/div>\n\t\t<\/div>\n\t\t\t\t\t\t<\/div>\n\t\t\t\t<\/div>\n\t\t\t\t<div class=\"elementor-element elementor-element-39ab0b1 elementor-widget elementor-widget-image\" data-id=\"39ab0b1\" data-element_type=\"widget\" data-e-type=\"widget\" data-widget_type=\"image.default\">\n\t\t\t\t<div class=\"elementor-widget-container\">\n\t\t\t\t\t\t\t\t\t\t\t\t\t\t\t<img loading=\"lazy\" decoding=\"async\" width=\"800\" height=\"596\" src=\"https:\/\/www.visital.no\/wp-content\/uploads\/2026\/03\/torpomoen-1024x763.webp\" class=\"attachment-large size-large wp-image-5007\" alt=\"Storhytta p\u00e5 Torpomoen i \u00c5l\" srcset=\"https:\/\/www.visital.no\/wp-content\/uploads\/2026\/03\/torpomoen-1024x763.webp 1024w, https:\/\/www.visital.no\/wp-content\/uploads\/2026\/03\/torpomoen-300x223.webp 300w, https:\/\/www.visital.no\/wp-content\/uploads\/2026\/03\/torpomoen-768x572.webp 768w, https:\/\/www.visital.no\/wp-content\/uploads\/2026\/03\/torpomoen-16x12.webp 16w, https:\/\/www.visital.no\/wp-content\/uploads\/2026\/03\/torpomoen.webp 1450w\" sizes=\"(max-width: 800px) 100vw, 800px\" \/>\t\t\t\t\t\t\t\t\t\t\t\t\t\t\t<\/div>\n\t\t\t\t<\/div>\n\t\t\t\t<div class=\"elementor-element elementor-element-4b74343 elementor-hidden-desktop elementor-hidden-tablet elementor-widget elementor-widget-text-editor\" data-id=\"4b74343\" data-element_type=\"widget\" data-e-type=\"widget\" data-widget_type=\"text-editor.default\">\n\t\t\t\t<div class=\"elementor-widget-container\">\n\t\t\t\t\t\t\t\t\t<h3>Torpomoen<\/h3><div class=\"flex flex-col text-sm pb-25\"><article class=\"text-token-text-primary w-full focus:outline-none [--shadow-height:45px] has-data-writing-block:pointer-events-none has-data-writing-block:-mt-(--shadow-height) has-data-writing-block:pt-(--shadow-height) [&amp;:has([data-writing-block])&gt;*]:pointer-events-auto scroll-mt-[calc(var(--header-height)+min(200px,max(70px,20svh)))]\" dir=\"auto\" tabindex=\"-1\" data-turn-id=\"request-69abe9af-e434-8396-8e97-f82b4aad9f94-19\" data-testid=\"conversation-turn-35\" data-scroll-anchor=\"true\" data-turn=\"assistant\"><div class=\"text-base my-auto mx-auto pb-10 [--thread-content-margin:--spacing(4)] @w-sm\/main:[--thread-content-margin:--spacing(6)] @w-lg\/main:[--thread-content-margin:--spacing(16)] px-(--thread-content-margin)\"><div class=\"[--thread-content-max-width:40rem] @w-lg\/main:[--thread-content-max-width:48rem] mx-auto max-w-(--thread-content-max-width) flex-1 group\/turn-messages focus-visible:outline-hidden relative flex w-full min-w-0 flex-col agent-turn\" tabindex=\"-1\"><div class=\"flex max-w-full flex-col grow\"><div class=\"min-h-8 text-message relative flex w-full flex-col items-end gap-2 text-start break-words whitespace-normal [.text-message+&amp;]:mt-1\" dir=\"auto\" data-message-author-role=\"assistant\" data-message-id=\"81403e56-e54e-4eda-afee-cb2009e4fcd9\" data-message-model-slug=\"gpt-5-2-thinking\"><div class=\"flex w-full flex-col gap-1 empty:hidden first:pt-[1px]\"><div class=\"markdown prose dark:prose-invert w-full wrap-break-word dark markdown-new-styling\"><div class=\"flex flex-col text-sm pb-25\"><article class=\"text-token-text-primary w-full focus:outline-none [--shadow-height:45px] has-data-writing-block:pointer-events-none has-data-writing-block:-mt-(--shadow-height) has-data-writing-block:pt-(--shadow-height) [&amp;:has([data-writing-block])&gt;*]:pointer-events-auto scroll-mt-[calc(var(--header-height)+min(200px,max(70px,20svh)))]\" dir=\"auto\" tabindex=\"-1\" data-turn-id=\"request-69abe9af-e434-8396-8e97-f82b4aad9f94-20\" data-testid=\"conversation-turn-37\" data-scroll-anchor=\"true\" data-turn=\"assistant\"><div class=\"text-base my-auto mx-auto pb-10 [--thread-content-margin:--spacing(4)] @w-sm\/main:[--thread-content-margin:--spacing(6)] @w-lg\/main:[--thread-content-margin:--spacing(16)] px-(--thread-content-margin)\"><div class=\"[--thread-content-max-width:40rem] @w-lg\/main:[--thread-content-max-width:48rem] mx-auto max-w-(--thread-content-max-width) flex-1 group\/turn-messages focus-visible:outline-hidden relative flex w-full min-w-0 flex-col agent-turn\" tabindex=\"-1\"><div class=\"flex max-w-full flex-col grow\"><div class=\"min-h-8 text-message relative flex w-full flex-col items-end gap-2 text-start break-words whitespace-normal [.text-message+&amp;]:mt-1\" dir=\"auto\" data-message-author-role=\"assistant\" data-message-id=\"879e6c81-2e7d-469f-8026-71de582dd31c\" data-message-model-slug=\"gpt-5-2-thinking\"><div class=\"flex w-full flex-col gap-1 empty:hidden first:pt-[1px]\"><div class=\"markdown prose dark:prose-invert w-full wrap-break-word dark markdown-new-styling\"><p data-start=\"0\" data-end=\"239\" data-is-last-node=\"\" data-is-only-node=\"\">P\u00e5 Torpomoen kan du bo p\u00e5 rom eller overnatte i egen bobil eller campingvogn. Det er selvbetjent parkering med str\u00f8m, vann og t\u00f8mmestasjon, og frokost kan bestilles som tillegg ved minimum antall bestillinger eller lages p\u00e5 felles kj\u00f8kken. Det tar ca. 10 min \u00e5 kj\u00f8re til b\u00e5de \u00c5l Skisenter og \u00c5l Sentrum herfra.\u00a0<\/p><\/div><\/div><\/div><\/div><\/div><\/div><\/article><\/div><\/div><\/div><\/div><\/div><\/div><\/div><\/article><\/div>\t\t\t\t\t\t\t\t<\/div>\n\t\t\t\t<\/div>\n\t\t\t\t<div class=\"elementor-element elementor-element-35d8604 elementor-align-center elementor-hidden-desktop elementor-hidden-tablet elementor-widget elementor-widget-button\" data-id=\"35d8604\" data-element_type=\"widget\" data-e-type=\"widget\" data-widget_type=\"button.default\">\n\t\t\t\t<div class=\"elementor-widget-container\">\n\t\t\t\t\t\t\t\t\t<div class=\"elementor-button-wrapper\">\n\t\t\t\t\t<a class=\"elementor-button elementor-button-link elementor-size-sm\" href=\"https:\/\/www.torpomoen.no\/no\/overnatting\/storhytte\/\">\n\t\t\t\t\t\t<span class=\"elementor-button-content-wrapper\">\n\t\t\t\t\t\t\t\t\t<span class=\"elementor-button-text\">Sjekk tilgjengelighet<\/span>\n\t\t\t\t\t<\/span>\n\t\t\t\t\t<\/a>\n\t\t\t\t<\/div>\n\t\t\t\t\t\t\t\t<\/div>\n\t\t\t\t<\/div>\n\t\t\t\t<div class=\"elementor-element elementor-element-4db858e elementor-widget elementor-widget-image\" data-id=\"4db858e\" data-element_type=\"widget\" data-e-type=\"widget\" data-widget_type=\"image.default\">\n\t\t\t\t<div class=\"elementor-widget-container\">\n\t\t\t\t\t\t\t\t\t\t\t\t\t\t\t<img loading=\"lazy\" decoding=\"async\" width=\"800\" height=\"596\" src=\"https:\/\/www.visital.no\/wp-content\/uploads\/2026\/03\/grindastugu-1024x763.webp\" class=\"attachment-large size-large wp-image-4992\" alt=\"Grindastugu i \u00c5l\" srcset=\"https:\/\/www.visital.no\/wp-content\/uploads\/2026\/03\/grindastugu-1024x763.webp 1024w, https:\/\/www.visital.no\/wp-content\/uploads\/2026\/03\/grindastugu-300x223.webp 300w, https:\/\/www.visital.no\/wp-content\/uploads\/2026\/03\/grindastugu-768x572.webp 768w, https:\/\/www.visital.no\/wp-content\/uploads\/2026\/03\/grindastugu-16x12.webp 16w, https:\/\/www.visital.no\/wp-content\/uploads\/2026\/03\/grindastugu.webp 1450w\" sizes=\"(max-width: 800px) 100vw, 800px\" \/>\t\t\t\t\t\t\t\t\t\t\t\t\t\t\t<\/div>\n\t\t\t\t<\/div>\n\t\t\t\t<div class=\"elementor-element elementor-element-45049a5 elementor-hidden-desktop elementor-hidden-tablet elementor-widget elementor-widget-text-editor\" data-id=\"45049a5\" data-element_type=\"widget\" data-e-type=\"widget\" data-widget_type=\"text-editor.default\">\n\t\t\t\t<div class=\"elementor-widget-container\">\n\t\t\t\t\t\t\t\t\t<h3>Grindastugu<\/h3><p>Grindastugu er en storhytte som ofte trekkes fram som relevant for skigrupper. Hytta har plass til 14 overnattingsgjester, og er et godt alternativ til de som vil bo samlet. Hytta ligger p\u00e5 Liatoppen i \u00c5l, 20 minutter unna \u00c5l Skisenter og \u00c5l Sentrum.\u00a0<\/p>\t\t\t\t\t\t\t\t<\/div>\n\t\t\t\t<\/div>\n\t\t\t\t<div class=\"elementor-element elementor-element-dd03cf5 elementor-align-center elementor-hidden-desktop elementor-hidden-tablet elementor-widget elementor-widget-button\" data-id=\"dd03cf5\" data-element_type=\"widget\" data-e-type=\"widget\" data-widget_type=\"button.default\">\n\t\t\t\t<div class=\"elementor-widget-container\">\n\t\t\t\t\t\t\t\t\t<div class=\"elementor-button-wrapper\">\n\t\t\t\t\t<a class=\"elementor-button elementor-button-link elementor-size-sm\" href=\"http:\/\/www.grindastugu.no\/\">\n\t\t\t\t\t\t<span class=\"elementor-button-content-wrapper\">\n\t\t\t\t\t\t\t\t\t<span class=\"elementor-button-text\">Sjekk tilgjengelighet<\/span>\n\t\t\t\t\t<\/span>\n\t\t\t\t\t<\/a>\n\t\t\t\t<\/div>\n\t\t\t\t\t\t\t\t<\/div>\n\t\t\t\t<\/div>\n\t\t\t\t<div class=\"elementor-element elementor-element-adcf6d3 elementor-widget elementor-widget-image\" data-id=\"adcf6d3\" data-element_type=\"widget\" data-e-type=\"widget\" data-widget_type=\"image.default\">\n\t\t\t\t<div class=\"elementor-widget-container\">\n\t\t\t\t\t\t\t\t\t\t\t\t\t\t\t<img loading=\"lazy\" decoding=\"async\" width=\"800\" height=\"596\" src=\"https:\/\/www.visital.no\/wp-content\/uploads\/2026\/03\/norgesbooking-1024x763.webp\" class=\"attachment-large size-large wp-image-4993\" alt=\"Hytte I \u00c5l fra Norgesbooking\" srcset=\"https:\/\/www.visital.no\/wp-content\/uploads\/2026\/03\/norgesbooking-1024x763.webp 1024w, https:\/\/www.visital.no\/wp-content\/uploads\/2026\/03\/norgesbooking-300x223.webp 300w, https:\/\/www.visital.no\/wp-content\/uploads\/2026\/03\/norgesbooking-768x572.webp 768w, https:\/\/www.visital.no\/wp-content\/uploads\/2026\/03\/norgesbooking-16x12.webp 16w, https:\/\/www.visital.no\/wp-content\/uploads\/2026\/03\/norgesbooking.webp 1450w\" sizes=\"(max-width: 800px) 100vw, 800px\" \/>\t\t\t\t\t\t\t\t\t\t\t\t\t\t\t<\/div>\n\t\t\t\t<\/div>\n\t\t\t\t<div class=\"elementor-element elementor-element-490030c elementor-hidden-desktop elementor-hidden-tablet elementor-widget elementor-widget-text-editor\" data-id=\"490030c\" data-element_type=\"widget\" data-e-type=\"widget\" data-widget_type=\"text-editor.default\">\n\t\t\t\t<div class=\"elementor-widget-container\">\n\t\t\t\t\t\t\t\t\t<h3>Norgesbooking<\/h3><p>Gjennom Norgesbooking finner du flere hytter og leiligheter til leie i \u00c5l og omegn. Norgesbooking tar h\u00e5nd om booking, betaling, vask og levering av n\u00f8kler.<\/p>\t\t\t\t\t\t\t\t<\/div>\n\t\t\t\t<\/div>\n\t\t\t\t<div class=\"elementor-element elementor-element-d2283b3 elementor-align-center elementor-hidden-desktop elementor-hidden-tablet elementor-widget elementor-widget-button\" data-id=\"d2283b3\" data-element_type=\"widget\" data-e-type=\"widget\" data-widget_type=\"button.default\">\n\t\t\t\t<div class=\"elementor-widget-container\">\n\t\t\t\t\t\t\t\t\t<div class=\"elementor-button-wrapper\">\n\t\t\t\t\t<a class=\"elementor-button elementor-button-link elementor-size-sm\" href=\"https:\/\/www.norgesbooking.no\/se-alle-hytter\/%C3%A5l-hallingdal\/?from=03\/19\/2026&#038;to=03\/22\/2026&#038;start=19\/03\/2026&#038;end=22\/03\/2026&#038;ac=A&#038;nbr=A\">\n\t\t\t\t\t\t<span class=\"elementor-button-content-wrapper\">\n\t\t\t\t\t\t\t\t\t<span class=\"elementor-button-text\">Sjekk tilgjengelighet<\/span>\n\t\t\t\t\t<\/span>\n\t\t\t\t\t<\/a>\n\t\t\t\t<\/div>\n\t\t\t\t\t\t\t\t<\/div>\n\t\t\t\t<\/div>\n\t\t\t\t<\/div>\n\t\t\t\t<\/div>\n\t\t<div class=\"elementor-element elementor-element-f8e7af4 e-con-full e-flex e-con e-child\" data-id=\"f8e7af4\" data-element_type=\"container\" data-e-type=\"container\">\n\t\t\t\t<div class=\"elementor-element elementor-element-a344fe3 elementor-hidden-desktop elementor-widget elementor-widget-heading\" data-id=\"a344fe3\" data-element_type=\"widget\" data-e-type=\"widget\" data-widget_type=\"heading.default\">\n\t\t\t\t<div class=\"elementor-widget-container\">\n\t\t\t\t\t<h2 class=\"elementor-heading-title elementor-size-default\"><br>Camping <\/h2>\t\t\t\t<\/div>\n\t\t\t\t<\/div>\n\t\t\t\t<div class=\"elementor-element elementor-element-c7a6757 elementor-widget elementor-widget-image\" data-id=\"c7a6757\" data-element_type=\"widget\" data-e-type=\"widget\" data-widget_type=\"image.default\">\n\t\t\t\t<div class=\"elementor-widget-container\">\n\t\t\t\t\t\t\t\t\t\t\t\t\t\t\t<img loading=\"lazy\" decoding=\"async\" width=\"800\" height=\"596\" src=\"https:\/\/www.visital.no\/wp-content\/uploads\/2026\/03\/torpomoen-camping-1024x763.webp\" class=\"attachment-large size-large wp-image-5000\" alt=\"Torpomoen camping i \u00c5l\" srcset=\"https:\/\/www.visital.no\/wp-content\/uploads\/2026\/03\/torpomoen-camping-1024x763.webp 1024w, https:\/\/www.visital.no\/wp-content\/uploads\/2026\/03\/torpomoen-camping-300x223.webp 300w, https:\/\/www.visital.no\/wp-content\/uploads\/2026\/03\/torpomoen-camping-768x572.webp 768w, https:\/\/www.visital.no\/wp-content\/uploads\/2026\/03\/torpomoen-camping-16x12.webp 16w, https:\/\/www.visital.no\/wp-content\/uploads\/2026\/03\/torpomoen-camping.webp 1450w\" sizes=\"(max-width: 800px) 100vw, 800px\" \/>\t\t\t\t\t\t\t\t\t\t\t\t\t\t\t<\/div>\n\t\t\t\t<\/div>\n\t\t\t\t<div class=\"elementor-element elementor-element-70b5efc elementor-hidden-desktop elementor-widget elementor-widget-text-editor\" data-id=\"70b5efc\" data-element_type=\"widget\" data-e-type=\"widget\" data-widget_type=\"text-editor.default\">\n\t\t\t\t<div class=\"elementor-widget-container\">\n\t\t\t\t\t\t\t\t\t<h3>Torpomoen<\/h3><p>P\u00e5 Torpomoen kan du leie storhytte med hele 9 soverom, kj\u00f8kken og en hyggelig peisestue. Torpomoen ligger ca 10 min unna b\u00e5de Skisenteret og \u00c5l Sentrum. Det er mulighet for \u00e5 booke frokost her.\u00a0<\/p>\t\t\t\t\t\t\t\t<\/div>\n\t\t\t\t<\/div>\n\t\t\t\t<div class=\"elementor-element elementor-element-2a06797 elementor-align-center elementor-hidden-desktop elementor-widget elementor-widget-button\" data-id=\"2a06797\" data-element_type=\"widget\" data-e-type=\"widget\" data-widget_type=\"button.default\">\n\t\t\t\t<div class=\"elementor-widget-container\">\n\t\t\t\t\t\t\t\t\t<div class=\"elementor-button-wrapper\">\n\t\t\t\t\t<a class=\"elementor-button elementor-button-link elementor-size-sm\" href=\"https:\/\/www.torpomoen.no\/no\/overnatting\/campingplass\/\">\n\t\t\t\t\t\t<span class=\"elementor-button-content-wrapper\">\n\t\t\t\t\t\t\t\t\t<span class=\"elementor-button-text\">Sjekk tilgjengelighet<\/span>\n\t\t\t\t\t<\/span>\n\t\t\t\t\t<\/a>\n\t\t\t\t<\/div>\n\t\t\t\t\t\t\t\t<\/div>\n\t\t\t\t<\/div>\n\t\t\t\t<div class=\"elementor-element elementor-element-2b78b41 elementor-widget elementor-widget-image\" data-id=\"2b78b41\" data-element_type=\"widget\" data-e-type=\"widget\" data-widget_type=\"image.default\">\n\t\t\t\t<div class=\"elementor-widget-container\">\n\t\t\t\t\t\t\t\t\t\t\t\t\t\t\t<img loading=\"lazy\" decoding=\"async\" width=\"800\" height=\"596\" src=\"https:\/\/www.visital.no\/wp-content\/uploads\/2026\/03\/topcamp-camping-1024x763.webp\" class=\"attachment-large size-large wp-image-4998\" alt=\"Topcamp camping I \u00c5l\" srcset=\"https:\/\/www.visital.no\/wp-content\/uploads\/2026\/03\/topcamp-camping-1024x763.webp 1024w, https:\/\/www.visital.no\/wp-content\/uploads\/2026\/03\/topcamp-camping-300x223.webp 300w, https:\/\/www.visital.no\/wp-content\/uploads\/2026\/03\/topcamp-camping-768x572.webp 768w, https:\/\/www.visital.no\/wp-content\/uploads\/2026\/03\/topcamp-camping-16x12.webp 16w, https:\/\/www.visital.no\/wp-content\/uploads\/2026\/03\/topcamp-camping.webp 1450w\" sizes=\"(max-width: 800px) 100vw, 800px\" \/>\t\t\t\t\t\t\t\t\t\t\t\t\t\t\t<\/div>\n\t\t\t\t<\/div>\n\t\t\t\t<div class=\"elementor-element elementor-element-8e566ee elementor-hidden-desktop elementor-widget elementor-widget-text-editor\" data-id=\"8e566ee\" data-element_type=\"widget\" data-e-type=\"widget\" data-widget_type=\"text-editor.default\">\n\t\t\t\t<div class=\"elementor-widget-container\">\n\t\t\t\t\t\t\t\t\t<h3>Topcamp Hallngdal<\/h3><p>Topcamp Hallingdal tilbyr 6 stjernes camping, med plasser for bobil, campingvogn og telt, i tillegg er det mulighet til \u00e5 leie hytter. Fra campingen tar det ca. 20 min \u00e5 g\u00e5 til \u00c5l sentrum, og 10 minutter med bil til \u00c5l Skisenter.\u00a0<\/p>\t\t\t\t\t\t\t\t<\/div>\n\t\t\t\t<\/div>\n\t\t\t\t<div class=\"elementor-element elementor-element-885ab1a elementor-align-center elementor-hidden-desktop elementor-widget elementor-widget-button\" data-id=\"885ab1a\" data-element_type=\"widget\" data-e-type=\"widget\" data-widget_type=\"button.default\">\n\t\t\t\t<div class=\"elementor-widget-container\">\n\t\t\t\t\t\t\t\t\t<div class=\"elementor-button-wrapper\">\n\t\t\t\t\t<a class=\"elementor-button elementor-button-link elementor-size-sm\" href=\"#\">\n\t\t\t\t\t\t<span class=\"elementor-button-content-wrapper\">\n\t\t\t\t\t\t\t\t\t<span class=\"elementor-button-text\">Sjekk tilgjengelighet<\/span>\n\t\t\t\t\t<\/span>\n\t\t\t\t\t<\/a>\n\t\t\t\t<\/div>\n\t\t\t\t\t\t\t\t<\/div>\n\t\t\t\t<\/div>\n\t\t<div class=\"elementor-element elementor-element-8a95583 e-con-full e-flex e-con e-child\" data-id=\"8a95583\" data-element_type=\"container\" data-e-type=\"container\">\n\t\t\t\t<div class=\"elementor-element elementor-element-d908d78 elementor-widget elementor-widget-heading\" data-id=\"d908d78\" data-element_type=\"widget\" data-e-type=\"widget\" data-widget_type=\"heading.default\">\n\t\t\t\t<div class=\"elementor-widget-container\">\n\t\t\t\t\t<h2 class=\"elementor-heading-title elementor-size-default\"><br>Historiske Pensjonat<\/h2>\t\t\t\t<\/div>\n\t\t\t\t<\/div>\n\t\t\t\t<div class=\"elementor-element elementor-element-5381b35 elementor-hidden-desktop elementor-widget elementor-widget-image\" data-id=\"5381b35\" data-element_type=\"widget\" data-e-type=\"widget\" data-widget_type=\"image.default\">\n\t\t\t\t<div class=\"elementor-widget-container\">\n\t\t\t\t\t\t\t\t\t\t\t\t\t\t\t<img loading=\"lazy\" decoding=\"async\" width=\"800\" height=\"596\" src=\"https:\/\/www.visital.no\/wp-content\/uploads\/2026\/03\/aal-pensjonat-1024x763.webp\" class=\"attachment-large size-large wp-image-4990\" alt=\"historiske Aal Pensjonat i \u00c5l\" srcset=\"https:\/\/www.visital.no\/wp-content\/uploads\/2026\/03\/aal-pensjonat-1024x763.webp 1024w, https:\/\/www.visital.no\/wp-content\/uploads\/2026\/03\/aal-pensjonat-300x223.webp 300w, https:\/\/www.visital.no\/wp-content\/uploads\/2026\/03\/aal-pensjonat-768x572.webp 768w, https:\/\/www.visital.no\/wp-content\/uploads\/2026\/03\/aal-pensjonat-16x12.webp 16w, https:\/\/www.visital.no\/wp-content\/uploads\/2026\/03\/aal-pensjonat.webp 1450w\" sizes=\"(max-width: 800px) 100vw, 800px\" \/>\t\t\t\t\t\t\t\t\t\t\t\t\t\t\t<\/div>\n\t\t\t\t<\/div>\n\t\t\t\t<div class=\"elementor-element elementor-element-87b52c4 elementor-hidden-desktop elementor-widget elementor-widget-text-editor\" data-id=\"87b52c4\" data-element_type=\"widget\" data-e-type=\"widget\" data-widget_type=\"text-editor.default\">\n\t\t\t\t<div class=\"elementor-widget-container\">\n\t\t\t\t\t\t\t\t\t<h3>Aal Pensjonat<\/h3><p>Aal Pensjonat er et Bed and Breakfast midt i \u00c5l sentrum. Huset har 4 rom med felles oppholdsrom og fullt utstyrt kj\u00f8kken, og det er mulig med selvhushold. Frokostmeny kan avtales i tillegg til overnatting. Estimert kj\u00f8retid til \u00c5l Skisenter: ca. 10 min<\/p>\t\t\t\t\t\t\t\t<\/div>\n\t\t\t\t<\/div>\n\t\t\t\t<div class=\"elementor-element elementor-element-40f3a5c elementor-align-center elementor-hidden-desktop elementor-widget elementor-widget-button\" data-id=\"40f3a5c\" data-element_type=\"widget\" data-e-type=\"widget\" data-widget_type=\"button.default\">\n\t\t\t\t<div class=\"elementor-widget-container\">\n\t\t\t\t\t\t\t\t\t<div class=\"elementor-button-wrapper\">\n\t\t\t\t\t<a class=\"elementor-button elementor-button-link elementor-size-sm\" href=\"https:\/\/aalpensjonat.no\/\">\n\t\t\t\t\t\t<span class=\"elementor-button-content-wrapper\">\n\t\t\t\t\t\t\t\t\t<span class=\"elementor-button-text\">Sjekk tilgjengelighet<\/span>\n\t\t\t\t\t<\/span>\n\t\t\t\t\t<\/a>\n\t\t\t\t<\/div>\n\t\t\t\t\t\t\t\t<\/div>\n\t\t\t\t<\/div>\n\t\t\t\t<div class=\"elementor-element elementor-element-78a7eae elementor-widget elementor-widget-image\" data-id=\"78a7eae\" data-element_type=\"widget\" data-e-type=\"widget\" data-widget_type=\"image.default\">\n\t\t\t\t<div class=\"elementor-widget-container\">\n\t\t\t\t\t\t\t\t\t\t\t\t\t\t\t<img loading=\"lazy\" decoding=\"async\" width=\"800\" height=\"596\" src=\"https:\/\/www.visital.no\/wp-content\/uploads\/2026\/03\/opheim-pensjonat-1024x763.webp\" class=\"attachment-large size-large wp-image-4994\" alt=\"Historiske Opheim Pensjonat p\u00e5 Torpo\" srcset=\"https:\/\/www.visital.no\/wp-content\/uploads\/2026\/03\/opheim-pensjonat-1024x763.webp 1024w, https:\/\/www.visital.no\/wp-content\/uploads\/2026\/03\/opheim-pensjonat-300x223.webp 300w, https:\/\/www.visital.no\/wp-content\/uploads\/2026\/03\/opheim-pensjonat-768x572.webp 768w, https:\/\/www.visital.no\/wp-content\/uploads\/2026\/03\/opheim-pensjonat-16x12.webp 16w, https:\/\/www.visital.no\/wp-content\/uploads\/2026\/03\/opheim-pensjonat.webp 1450w\" sizes=\"(max-width: 800px) 100vw, 800px\" \/>\t\t\t\t\t\t\t\t\t\t\t\t\t\t\t<\/div>\n\t\t\t\t<\/div>\n\t\t\t\t<div class=\"elementor-element elementor-element-74bed7c elementor-widget elementor-widget-text-editor\" data-id=\"74bed7c\" data-element_type=\"widget\" data-e-type=\"widget\" data-widget_type=\"text-editor.default\">\n\t\t\t\t<div class=\"elementor-widget-container\">\n\t\t\t\t\t\t\t\t\t<h3>Opheim Pensjonat<\/h3><p>Opheim Pensjonat ligger p\u00e5 Torpo, og er et lite pensjonat med historie. Pensjonatet har 5 rom med totalt 11 sengeplasser, med gjestekj\u00f8kken og stue til disposisjon. Pensjonatet ligger ca. 15 min kj\u00f8retur unna b\u00e5de \u00c5l Skisenter og \u00c5l Sentrum hvor seremonien avholdes.\u00a0<\/p>\t\t\t\t\t\t\t\t<\/div>\n\t\t\t\t<\/div>\n\t\t\t\t<div class=\"elementor-element elementor-element-8ec6335 elementor-align-center elementor-widget elementor-widget-button\" data-id=\"8ec6335\" data-element_type=\"widget\" data-e-type=\"widget\" data-widget_type=\"button.default\">\n\t\t\t\t<div class=\"elementor-widget-container\">\n\t\t\t\t\t\t\t\t\t<div class=\"elementor-button-wrapper\">\n\t\t\t\t\t<a class=\"elementor-button elementor-button-link elementor-size-sm\" href=\"https:\/\/www.pensjonatet.no\/\">\n\t\t\t\t\t\t<span class=\"elementor-button-content-wrapper\">\n\t\t\t\t\t\t\t\t\t<span class=\"elementor-button-text\">Sjekk tilgjengelighet<\/span>\n\t\t\t\t\t<\/span>\n\t\t\t\t\t<\/a>\n\t\t\t\t<\/div>\n\t\t\t\t\t\t\t\t<\/div>\n\t\t\t\t<\/div>\n\t\t\t\t<\/div>\n\t\t\t\t<\/div>\n\t\t\t\t<\/div>\n\t\t\t\t<\/div>\n\t\t\t\t<\/div>\n\t\t","protected":false},"excerpt":{"rendered":"<p>The Bama Alpine Festival is finally here again soon, and we're looking forward to it. Haven't booked accommodation yet? In \u00c5l, you can choose between a hotel, mountain lodge, guesthouse, cabin, or campsite. Below, we've gathered current accommodation options so you can easily find what suits you best.<\/p>","protected":false},"author":3,"featured_media":5014,"comment_status":"closed","ping_status":"closed","sticky":false,"template":"","format":"standard","meta":{"_acf_changed":false,"footnotes":""},"categories":[68],"tags":[],"class_list":["post-5153","post","type-post","status-publish","format-standard","has-post-thumbnail","hentry","category-aktuelt"],"acf":[],"yoast_head":"<title>Hvor b\u00f8r du overnatte under Bama Liatoppen Skiskytterfestival? - Visit \u00c5l<\/title>\n<meta name=\"robots\" content=\"index, follow, max-snippet:-1, max-image-preview:large, max-video-preview:-1\" \/>\n<link rel=\"canonical\" href=\"https:\/\/www.visital.no\/en\/aktuelt\/overnatte-under-bama-liatoppen-skiskytterfestival\/\" \/>\n<meta property=\"og:locale\" content=\"en_GB\" \/>\n<meta property=\"og:type\" content=\"article\" \/>\n<meta property=\"og:title\" content=\"Hvor b\u00f8r du overnatte under Bama Alpin?\" \/>\n<meta property=\"og:description\" content=\"Snart er det endelig Bama Alpinfestival igjen! Har du ikke landet overnatting enn\u00e5? I \u00c5l kan du velge mellom hotell, fjellstue, pensjonat, hytte eller camping. Vi har samlet aktuelle overnattingsmuligheter, slik at du enkelt kan finne det som passer deg best.\" \/>\n<meta property=\"og:url\" content=\"https:\/\/www.visital.no\/en\/aktuelt\/overnatte-under-bama-liatoppen-skiskytterfestival\/\" \/>\n<meta property=\"og:site_name\" content=\"Visit \u00c5l\" \/>\n<meta property=\"article:publisher\" content=\"https:\/\/facebook.com\/visitalihallingdal\/\" \/>\n<meta property=\"article:published_time\" content=\"2026-04-07T08:23:16+00:00\" \/>\n<meta property=\"article:modified_time\" content=\"2026-04-08T12:40:07+00:00\" \/>\n<meta property=\"og:image\" content=\"https:\/\/www.visital.no\/wp-content\/uploads\/2026\/03\/overnatting-al-1.webp\" \/>\n\t<meta property=\"og:image:width\" content=\"1797\" \/>\n\t<meta property=\"og:image:height\" content=\"1009\" \/>\n\t<meta property=\"og:image:type\" content=\"image\/jpeg\" \/>\n<meta name=\"author\" content=\"Emilie Valderhaug\" \/>\n<meta name=\"twitter:card\" content=\"summary_large_image\" \/>\n<meta name=\"twitter:label1\" content=\"Written by\" \/>\n\t<meta name=\"twitter:data1\" content=\"Emilie Valderhaug\" \/>\n\t<meta name=\"twitter:label2\" content=\"Est. reading time\" \/>\n\t<meta name=\"twitter:data2\" content=\"12 minutes\" \/>\n<script type=\"application\/ld+json\" class=\"yoast-schema-graph\">{\"@context\":\"https:\\\/\\\/schema.org\",\"@graph\":[{\"@type\":\"Article\",\"@id\":\"https:\\\/\\\/www.visital.no\\\/aktuelt\\\/overnatte-under-bama-liatoppen-skiskytterfestival\\\/#article\",\"isPartOf\":{\"@id\":\"https:\\\/\\\/www.visital.no\\\/aktuelt\\\/overnatte-under-bama-liatoppen-skiskytterfestival\\\/\"},\"author\":{\"name\":\"Emilie Valderhaug\",\"@id\":\"https:\\\/\\\/www.visital.no\\\/#\\\/schema\\\/person\\\/852e2864ef98b7d93d3b043d22f2ba1e\"},\"headline\":\"Hvor b\u00f8r du overnatte under Bama Liatoppen Skiskytterfestival?\",\"datePublished\":\"2026-04-07T08:23:16+00:00\",\"dateModified\":\"2026-04-08T12:40:07+00:00\",\"mainEntityOfPage\":{\"@id\":\"https:\\\/\\\/www.visital.no\\\/aktuelt\\\/overnatte-under-bama-liatoppen-skiskytterfestival\\\/\"},\"wordCount\":1112,\"publisher\":{\"@id\":\"https:\\\/\\\/www.visital.no\\\/#organization\"},\"image\":{\"@id\":\"https:\\\/\\\/www.visital.no\\\/aktuelt\\\/overnatte-under-bama-liatoppen-skiskytterfestival\\\/#primaryimage\"},\"thumbnailUrl\":\"https:\\\/\\\/www.visital.no\\\/wp-content\\\/uploads\\\/2026\\\/03\\\/topcamp-1.webp\",\"articleSection\":[\"Aktuelt\"],\"inLanguage\":\"en-GB\"},{\"@type\":\"WebPage\",\"@id\":\"https:\\\/\\\/www.visital.no\\\/aktuelt\\\/overnatte-under-bama-liatoppen-skiskytterfestival\\\/\",\"url\":\"https:\\\/\\\/www.visital.no\\\/aktuelt\\\/overnatte-under-bama-liatoppen-skiskytterfestival\\\/\",\"name\":\"Hvor b\u00f8r du overnatte under Bama Liatoppen Skiskytterfestival? - Visit \u00c5l\",\"isPartOf\":{\"@id\":\"https:\\\/\\\/www.visital.no\\\/#website\"},\"primaryImageOfPage\":{\"@id\":\"https:\\\/\\\/www.visital.no\\\/aktuelt\\\/overnatte-under-bama-liatoppen-skiskytterfestival\\\/#primaryimage\"},\"image\":{\"@id\":\"https:\\\/\\\/www.visital.no\\\/aktuelt\\\/overnatte-under-bama-liatoppen-skiskytterfestival\\\/#primaryimage\"},\"thumbnailUrl\":\"https:\\\/\\\/www.visital.no\\\/wp-content\\\/uploads\\\/2026\\\/03\\\/topcamp-1.webp\",\"datePublished\":\"2026-04-07T08:23:16+00:00\",\"dateModified\":\"2026-04-08T12:40:07+00:00\",\"breadcrumb\":{\"@id\":\"https:\\\/\\\/www.visital.no\\\/aktuelt\\\/overnatte-under-bama-liatoppen-skiskytterfestival\\\/#breadcrumb\"},\"inLanguage\":\"en-GB\",\"potentialAction\":[{\"@type\":\"ReadAction\",\"target\":[\"https:\\\/\\\/www.visital.no\\\/aktuelt\\\/overnatte-under-bama-liatoppen-skiskytterfestival\\\/\"]}]},{\"@type\":\"ImageObject\",\"inLanguage\":\"en-GB\",\"@id\":\"https:\\\/\\\/www.visital.no\\\/aktuelt\\\/overnatte-under-bama-liatoppen-skiskytterfestival\\\/#primaryimage\",\"url\":\"https:\\\/\\\/www.visital.no\\\/wp-content\\\/uploads\\\/2026\\\/03\\\/topcamp-1.webp\",\"contentUrl\":\"https:\\\/\\\/www.visital.no\\\/wp-content\\\/uploads\\\/2026\\\/03\\\/topcamp-1.webp\",\"width\":1450,\"height\":1080,\"caption\":\"Topcamp hytte i \u00c5l\"},{\"@type\":\"BreadcrumbList\",\"@id\":\"https:\\\/\\\/www.visital.no\\\/aktuelt\\\/overnatte-under-bama-liatoppen-skiskytterfestival\\\/#breadcrumb\",\"itemListElement\":[{\"@type\":\"ListItem\",\"position\":1,\"name\":\"Home\",\"item\":\"https:\\\/\\\/www.visital.no\\\/\"},{\"@type\":\"ListItem\",\"position\":2,\"name\":\"Hvor b\u00f8r du overnatte under Bama Liatoppen Skiskytterfestival?\"}]},{\"@type\":\"WebSite\",\"@id\":\"https:\\\/\\\/www.visital.no\\\/#website\",\"url\":\"https:\\\/\\\/www.visital.no\\\/\",\"name\":\"Visit \u00c5l\",\"description\":\"\",\"publisher\":{\"@id\":\"https:\\\/\\\/www.visital.no\\\/#organization\"},\"potentialAction\":[{\"@type\":\"SearchAction\",\"target\":{\"@type\":\"EntryPoint\",\"urlTemplate\":\"https:\\\/\\\/www.visital.no\\\/?s={search_term_string}\"},\"query-input\":{\"@type\":\"PropertyValueSpecification\",\"valueRequired\":true,\"valueName\":\"search_term_string\"}}],\"inLanguage\":\"en-GB\"},{\"@type\":\"Organization\",\"@id\":\"https:\\\/\\\/www.visital.no\\\/#organization\",\"name\":\"Visit \u00c5l\",\"url\":\"https:\\\/\\\/www.visital.no\\\/\",\"logo\":{\"@type\":\"ImageObject\",\"inLanguage\":\"en-GB\",\"@id\":\"https:\\\/\\\/www.visital.no\\\/#\\\/schema\\\/logo\\\/image\\\/\",\"url\":\"https:\\\/\\\/www.visital.no\\\/wp-content\\\/uploads\\\/2024\\\/11\\\/al-i-hallingdal-logo.svg\",\"contentUrl\":\"https:\\\/\\\/www.visital.no\\\/wp-content\\\/uploads\\\/2024\\\/11\\\/al-i-hallingdal-logo.svg\",\"width\":258,\"height\":100,\"caption\":\"Visit \u00c5l\"},\"image\":{\"@id\":\"https:\\\/\\\/www.visital.no\\\/#\\\/schema\\\/logo\\\/image\\\/\"},\"sameAs\":[\"https:\\\/\\\/facebook.com\\\/visitalihallingdal\\\/\",\"https:\\\/\\\/instagram.com\\\/visitalihallingdal\\\/\",\"https:\\\/\\\/youtube.com\\\/user\\\/alutvikling\"]},{\"@type\":\"Person\",\"@id\":\"https:\\\/\\\/www.visital.no\\\/#\\\/schema\\\/person\\\/852e2864ef98b7d93d3b043d22f2ba1e\",\"name\":\"Emilie Valderhaug\",\"image\":{\"@type\":\"ImageObject\",\"inLanguage\":\"en-GB\",\"@id\":\"https:\\\/\\\/secure.gravatar.com\\\/avatar\\\/3c736e702a67ae030dfc83ee0f108680e09ef3f067b451dabbf9993a4f840938?s=96&d=mm&r=g\",\"url\":\"https:\\\/\\\/secure.gravatar.com\\\/avatar\\\/3c736e702a67ae030dfc83ee0f108680e09ef3f067b451dabbf9993a4f840938?s=96&d=mm&r=g\",\"contentUrl\":\"https:\\\/\\\/secure.gravatar.com\\\/avatar\\\/3c736e702a67ae030dfc83ee0f108680e09ef3f067b451dabbf9993a4f840938?s=96&d=mm&r=g\",\"caption\":\"Emilie Valderhaug\"},\"sameAs\":[\"http:\\\/\\\/visital.no\"]}]}<\/script>","yoast_head_json":{"title":"Hvor b\u00f8r du overnatte under Bama Liatoppen Skiskytterfestival? - Visit \u00c5l","robots":{"index":"index","follow":"follow","max-snippet":"max-snippet:-1","max-image-preview":"max-image-preview:large","max-video-preview":"max-video-preview:-1"},"canonical":"https:\/\/www.visital.no\/en\/aktuelt\/overnatte-under-bama-liatoppen-skiskytterfestival\/","og_locale":"en_GB","og_type":"article","og_title":"Hvor b\u00f8r du overnatte under Bama Alpin?","og_description":"Snart er det endelig Bama Alpinfestival igjen! Har du ikke landet overnatting enn\u00e5? I \u00c5l kan du velge mellom hotell, fjellstue, pensjonat, hytte eller camping. Vi har samlet aktuelle overnattingsmuligheter, slik at du enkelt kan finne det som passer deg best.","og_url":"https:\/\/www.visital.no\/en\/aktuelt\/overnatte-under-bama-liatoppen-skiskytterfestival\/","og_site_name":"Visit \u00c5l","article_publisher":"https:\/\/facebook.com\/visitalihallingdal\/","article_published_time":"2026-04-07T08:23:16+00:00","article_modified_time":"2026-04-08T12:40:07+00:00","og_image":[{"width":1797,"height":1009,"url":"https:\/\/www.visital.no\/wp-content\/uploads\/2026\/03\/overnatting-al-1.webp","type":"image\/jpeg"}],"author":"Emilie Valderhaug","twitter_card":"summary_large_image","twitter_misc":{"Written by":"Emilie Valderhaug","Est. reading time":"12 minutes"},"schema":{"@context":"https:\/\/schema.org","@graph":[{"@type":"Article","@id":"https:\/\/www.visital.no\/aktuelt\/overnatte-under-bama-liatoppen-skiskytterfestival\/#article","isPartOf":{"@id":"https:\/\/www.visital.no\/aktuelt\/overnatte-under-bama-liatoppen-skiskytterfestival\/"},"author":{"name":"Emilie Valderhaug","@id":"https:\/\/www.visital.no\/#\/schema\/person\/852e2864ef98b7d93d3b043d22f2ba1e"},"headline":"Hvor b\u00f8r du overnatte under Bama Liatoppen Skiskytterfestival?","datePublished":"2026-04-07T08:23:16+00:00","dateModified":"2026-04-08T12:40:07+00:00","mainEntityOfPage":{"@id":"https:\/\/www.visital.no\/aktuelt\/overnatte-under-bama-liatoppen-skiskytterfestival\/"},"wordCount":1112,"publisher":{"@id":"https:\/\/www.visital.no\/#organization"},"image":{"@id":"https:\/\/www.visital.no\/aktuelt\/overnatte-under-bama-liatoppen-skiskytterfestival\/#primaryimage"},"thumbnailUrl":"https:\/\/www.visital.no\/wp-content\/uploads\/2026\/03\/topcamp-1.webp","articleSection":["Aktuelt"],"inLanguage":"en-GB"},{"@type":"WebPage","@id":"https:\/\/www.visital.no\/aktuelt\/overnatte-under-bama-liatoppen-skiskytterfestival\/","url":"https:\/\/www.visital.no\/aktuelt\/overnatte-under-bama-liatoppen-skiskytterfestival\/","name":"Hvor b\u00f8r du overnatte under Bama Liatoppen Skiskytterfestival? - Visit \u00c5l","isPartOf":{"@id":"https:\/\/www.visital.no\/#website"},"primaryImageOfPage":{"@id":"https:\/\/www.visital.no\/aktuelt\/overnatte-under-bama-liatoppen-skiskytterfestival\/#primaryimage"},"image":{"@id":"https:\/\/www.visital.no\/aktuelt\/overnatte-under-bama-liatoppen-skiskytterfestival\/#primaryimage"},"thumbnailUrl":"https:\/\/www.visital.no\/wp-content\/uploads\/2026\/03\/topcamp-1.webp","datePublished":"2026-04-07T08:23:16+00:00","dateModified":"2026-04-08T12:40:07+00:00","breadcrumb":{"@id":"https:\/\/www.visital.no\/aktuelt\/overnatte-under-bama-liatoppen-skiskytterfestival\/#breadcrumb"},"inLanguage":"en-GB","potentialAction":[{"@type":"ReadAction","target":["https:\/\/www.visital.no\/aktuelt\/overnatte-under-bama-liatoppen-skiskytterfestival\/"]}]},{"@type":"ImageObject","inLanguage":"en-GB","@id":"https:\/\/www.visital.no\/aktuelt\/overnatte-under-bama-liatoppen-skiskytterfestival\/#primaryimage","url":"https:\/\/www.visital.no\/wp-content\/uploads\/2026\/03\/topcamp-1.webp","contentUrl":"https:\/\/www.visital.no\/wp-content\/uploads\/2026\/03\/topcamp-1.webp","width":1450,"height":1080,"caption":"Topcamp hytte i \u00c5l"},{"@type":"BreadcrumbList","@id":"https:\/\/www.visital.no\/aktuelt\/overnatte-under-bama-liatoppen-skiskytterfestival\/#breadcrumb","itemListElement":[{"@type":"ListItem","position":1,"name":"Home","item":"https:\/\/www.visital.no\/"},{"@type":"ListItem","position":2,"name":"Hvor b\u00f8r du overnatte under Bama Liatoppen Skiskytterfestival?"}]},{"@type":"WebSite","@id":"https:\/\/www.visital.no\/#website","url":"https:\/\/www.visital.no\/","name":"Visit \u00c5l","description":"","publisher":{"@id":"https:\/\/www.visital.no\/#organization"},"potentialAction":[{"@type":"SearchAction","target":{"@type":"EntryPoint","urlTemplate":"https:\/\/www.visital.no\/?s={search_term_string}"},"query-input":{"@type":"PropertyValueSpecification","valueRequired":true,"valueName":"search_term_string"}}],"inLanguage":"en-GB"},{"@type":"Organization","@id":"https:\/\/www.visital.no\/#organization","name":"Visit \u00c5l","url":"https:\/\/www.visital.no\/","logo":{"@type":"ImageObject","inLanguage":"en-GB","@id":"https:\/\/www.visital.no\/#\/schema\/logo\/image\/","url":"https:\/\/www.visital.no\/wp-content\/uploads\/2024\/11\/al-i-hallingdal-logo.svg","contentUrl":"https:\/\/www.visital.no\/wp-content\/uploads\/2024\/11\/al-i-hallingdal-logo.svg","width":258,"height":100,"caption":"Visit \u00c5l"},"image":{"@id":"https:\/\/www.visital.no\/#\/schema\/logo\/image\/"},"sameAs":["https:\/\/facebook.com\/visitalihallingdal\/","https:\/\/instagram.com\/visitalihallingdal\/","https:\/\/youtube.com\/user\/alutvikling"]},{"@type":"Person","@id":"https:\/\/www.visital.no\/#\/schema\/person\/852e2864ef98b7d93d3b043d22f2ba1e","name":"Emilie Valderhaug","image":{"@type":"ImageObject","inLanguage":"en-GB","@id":"https:\/\/secure.gravatar.com\/avatar\/3c736e702a67ae030dfc83ee0f108680e09ef3f067b451dabbf9993a4f840938?s=96&d=mm&r=g","url":"https:\/\/secure.gravatar.com\/avatar\/3c736e702a67ae030dfc83ee0f108680e09ef3f067b451dabbf9993a4f840938?s=96&d=mm&r=g","contentUrl":"https:\/\/secure.gravatar.com\/avatar\/3c736e702a67ae030dfc83ee0f108680e09ef3f067b451dabbf9993a4f840938?s=96&d=mm&r=g","caption":"Emilie Valderhaug"},"sameAs":["http:\/\/visital.no"]}]}},"_links":{"self":[{"href":"https:\/\/www.visital.no\/en\/wp-json\/wp\/v2\/posts\/5153","targetHints":{"allow":["GET"]}}],"collection":[{"href":"https:\/\/www.visital.no\/en\/wp-json\/wp\/v2\/posts"}],"about":[{"href":"https:\/\/www.visital.no\/en\/wp-json\/wp\/v2\/types\/post"}],"author":[{"embeddable":true,"href":"https:\/\/www.visital.no\/en\/wp-json\/wp\/v2\/users\/3"}],"replies":[{"embeddable":true,"href":"https:\/\/www.visital.no\/en\/wp-json\/wp\/v2\/comments?post=5153"}],"version-history":[{"count":19,"href":"https:\/\/www.visital.no\/en\/wp-json\/wp\/v2\/posts\/5153\/revisions"}],"predecessor-version":[{"id":5180,"href":"https:\/\/www.visital.no\/en\/wp-json\/wp\/v2\/posts\/5153\/revisions\/5180"}],"wp:featuredmedia":[{"embeddable":true,"href":"https:\/\/www.visital.no\/en\/wp-json\/wp\/v2\/media\/5014"}],"wp:attachment":[{"href":"https:\/\/www.visital.no\/en\/wp-json\/wp\/v2\/media?parent=5153"}],"wp:term":[{"taxonomy":"category","embeddable":true,"href":"https:\/\/www.visital.no\/en\/wp-json\/wp\/v2\/categories?post=5153"},{"taxonomy":"post_tag","embeddable":true,"href":"https:\/\/www.visital.no\/en\/wp-json\/wp\/v2\/tags?post=5153"}],"curies":[{"name":"wp","href":"https:\/\/api.w.org\/{rel}","templated":true}]}}