{"id":2436,"date":"2026-04-08T18:16:00","date_gmt":"2026-04-08T16:16:00","guid":{"rendered":"https:\/\/www.visital.no\/?p=2436"},"modified":"2026-04-23T12:50:22","modified_gmt":"2026-04-23T10:50:22","slug":"er-du-pa-jakt-etter-sommerjobb","status":"publish","type":"post","link":"https:\/\/www.visital.no\/en\/aktuelt\/er-du-pa-jakt-etter-sommerjobb\/","title":{"rendered":"Fancy a summer job in Visit \u00c5l?"},"content":{"rendered":"<div data-elementor-type=\"wp-post\" data-elementor-id=\"2436\" class=\"elementor elementor-2436\" data-elementor-post-type=\"post\">\n\t\t\t\t<div class=\"elementor-element elementor-element-634c2791 e-flex e-con-boxed e-con e-parent\" data-id=\"634c2791\" data-element_type=\"container\" data-e-type=\"container\">\n\t\t\t\t\t<div class=\"e-con-inner\">\n\t\t\t\t<div class=\"elementor-element elementor-element-6dfd41fd elementor-widget elementor-widget-text-editor\" data-id=\"6dfd41fd\" data-element_type=\"widget\" data-e-type=\"widget\" data-widget_type=\"text-editor.default\">\n\t\t\t\t<div class=\"elementor-widget-container\">\n\t\t\t\t\t\t\t\t\t\n<p>At the tourist information, you'll meet visitors, holiday home owners and local residents who need tips, advice and practical information about what's happening in \u00c5l and the surrounding area. Some are wondering where they should go on a trip, others need tips for food, activities or accommodation.<\/p>\n\n\n\n<p>This is well-suited for you if you are cheerful, pleasant, and independent. It is important that you are confident enough to handle tasks on your own and get things done without constant supervision. <\/p>\n\n\n\n<h2 class=\"wp-block-heading\">Job responsibilities<\/h2>\n\n\n\n<ul class=\"wp-block-list\">\n<li>Helping visitors and residents with information on activities, events, tours, food and accommodation<\/li>\n\n\n\n<li>answer email and phone enquiries<\/li>\n\n\n\n<li>clear map, souvenirs, t-shirts and other products in the tourist information centre<\/li>\n\n\n\n<li>Other tasks may also arise along the way<\/li>\n<\/ul>\n\n\n\n<h2 class=\"wp-block-heading\">We are looking for you who:<\/h2>\n\n\n\n<ul class=\"wp-block-list\">\n<li>likes to meet people and help out<\/li>\n\n\n\n<li>good knowledge of \u00c5l and the surrounding area<\/li>\n\n\n\n<li>speaks good Norwegian and English<\/li>\n\n\n\n<li>Independent, responsible and comfortable working alone<\/li>\n<\/ul>\n\n\n\n<h2 class=\"wp-block-heading\">Good to know<\/h2>\n\n\n\n<ul class=\"wp-block-list\">\n<li>Employment period: 20 June \u2013 8 August<\/li>\n\n\n\n<li>Opening hours are basically Mon\u2013Sat 11 am\u20134 pm, or Tue\u2013Sat 11 am\u20134 pm.<\/li>\n\n\n\n<li>Working hours and scope can be adjusted slightly, if it suits both you and us<\/li>\n\n\n\n<li>Workplace: tourist information at \u00c5lingen Shopping Centre<\/li>\n\n\n\n<li>Salary by agreement<\/li>\n\n\n\n<li>Opportunity for more work during later holidays, such as autumn break, Christmas, winter break, and Easter<\/li>\n<\/ul>\n\n\n\n<h2 class=\"wp-block-heading\">Do you want to apply?<\/h2>\n\n\n\n<p>Send your application and CV to <strong><a>dl@alutvikling.no<\/a><\/strong> <strong>continuously.<\/strong><\/p>\n\n\n\n<p>If you have any questions, please contact the general manager&nbsp;<strong>Ola Opheim<\/strong>&nbsp;on the phone&nbsp;<strong>954 83 478<\/strong>.<\/p>\n\n\n\n<p><\/p>\n\t\t\t\t\t\t\t\t<\/div>\n\t\t\t\t<\/div>\n\t\t\t\t\t<\/div>\n\t\t\t\t<\/div>\n\t\t\t\t<\/div>","protected":false},"excerpt":{"rendered":"<p>We are looking for someone who isn't afraid to talk to people, knows \u00c5l well and can work independently.<\/p>","protected":false},"author":3,"featured_media":5267,"comment_status":"closed","ping_status":"closed","sticky":false,"template":"","format":"standard","meta":{"_acf_changed":false,"footnotes":""},"categories":[68],"tags":[],"class_list":["post-2436","post","type-post","status-publish","format-standard","has-post-thumbnail","hentry","category-aktuelt"],"acf":[],"yoast_head":"<title>Lyst p\u00e5 sommerjobb i Visit \u00c5l? - Visit \u00c5l<\/title>\n<meta name=\"robots\" content=\"index, follow, max-snippet:-1, max-image-preview:large, max-video-preview:-1\" \/>\n<link rel=\"canonical\" href=\"https:\/\/www.visital.no\/en\/aktuelt\/er-du-pa-jakt-etter-sommerjobb\/\" \/>\n<meta property=\"og:locale\" content=\"en_GB\" \/>\n<meta property=\"og:type\" content=\"article\" \/>\n<meta property=\"og:title\" content=\"Lyst p\u00e5 sommerjobb i Visit \u00c5l?\" \/>\n<meta property=\"og:description\" content=\"Vi ser etter deg som ikke er redd for \u00e5 snakke med folk, kjenner \u00c5l ganske godt og kan jobbe selvstendig.\" \/>\n<meta property=\"og:url\" content=\"https:\/\/www.visital.no\/en\/aktuelt\/er-du-pa-jakt-etter-sommerjobb\/\" \/>\n<meta property=\"og:site_name\" content=\"Visit \u00c5l\" \/>\n<meta property=\"article:publisher\" content=\"https:\/\/facebook.com\/visitalihallingdal\/\" \/>\n<meta property=\"article:published_time\" content=\"2026-04-08T16:16:00+00:00\" \/>\n<meta property=\"article:modified_time\" content=\"2026-04-23T10:50:22+00:00\" \/>\n<meta property=\"og:image\" content=\"https:\/\/www.visital.no\/wp-content\/uploads\/2026\/04\/lyst-pa-sommerjobb.webp\" \/>\n\t<meta property=\"og:image:width\" content=\"1080\" \/>\n\t<meta property=\"og:image:height\" content=\"565\" \/>\n\t<meta property=\"og:image:type\" content=\"image\/png\" \/>\n<meta name=\"author\" content=\"Emilie Valderhaug\" \/>\n<meta name=\"twitter:card\" content=\"summary_large_image\" \/>\n<meta name=\"twitter:label1\" content=\"Written by\" \/>\n\t<meta name=\"twitter:data1\" content=\"Emilie Valderhaug\" \/>\n\t<meta name=\"twitter:label2\" content=\"Est. reading time\" \/>\n\t<meta name=\"twitter:data2\" content=\"2 minutes\" \/>\n<script type=\"application\/ld+json\" class=\"yoast-schema-graph\">{\"@context\":\"https:\\\/\\\/schema.org\",\"@graph\":[{\"@type\":\"Article\",\"@id\":\"https:\\\/\\\/www.visital.no\\\/aktuelt\\\/er-du-pa-jakt-etter-sommerjobb\\\/#article\",\"isPartOf\":{\"@id\":\"https:\\\/\\\/www.visital.no\\\/aktuelt\\\/er-du-pa-jakt-etter-sommerjobb\\\/\"},\"author\":{\"name\":\"Emilie Valderhaug\",\"@id\":\"https:\\\/\\\/www.visital.no\\\/#\\\/schema\\\/person\\\/852e2864ef98b7d93d3b043d22f2ba1e\"},\"headline\":\"Lyst p\u00e5 sommerjobb i Visit \u00c5l?\",\"datePublished\":\"2026-04-08T16:16:00+00:00\",\"dateModified\":\"2026-04-23T10:50:22+00:00\",\"mainEntityOfPage\":{\"@id\":\"https:\\\/\\\/www.visital.no\\\/aktuelt\\\/er-du-pa-jakt-etter-sommerjobb\\\/\"},\"wordCount\":251,\"publisher\":{\"@id\":\"https:\\\/\\\/www.visital.no\\\/#organization\"},\"image\":{\"@id\":\"https:\\\/\\\/www.visital.no\\\/aktuelt\\\/er-du-pa-jakt-etter-sommerjobb\\\/#primaryimage\"},\"thumbnailUrl\":\"https:\\\/\\\/www.visital.no\\\/wp-content\\\/uploads\\\/2026\\\/04\\\/656139518-1551571980310242-6196580312375961260-n.webp\",\"articleSection\":[\"Aktuelt\"],\"inLanguage\":\"en-GB\"},{\"@type\":\"WebPage\",\"@id\":\"https:\\\/\\\/www.visital.no\\\/aktuelt\\\/er-du-pa-jakt-etter-sommerjobb\\\/\",\"url\":\"https:\\\/\\\/www.visital.no\\\/aktuelt\\\/er-du-pa-jakt-etter-sommerjobb\\\/\",\"name\":\"Lyst p\u00e5 sommerjobb i Visit \u00c5l? - Visit \u00c5l\",\"isPartOf\":{\"@id\":\"https:\\\/\\\/www.visital.no\\\/#website\"},\"primaryImageOfPage\":{\"@id\":\"https:\\\/\\\/www.visital.no\\\/aktuelt\\\/er-du-pa-jakt-etter-sommerjobb\\\/#primaryimage\"},\"image\":{\"@id\":\"https:\\\/\\\/www.visital.no\\\/aktuelt\\\/er-du-pa-jakt-etter-sommerjobb\\\/#primaryimage\"},\"thumbnailUrl\":\"https:\\\/\\\/www.visital.no\\\/wp-content\\\/uploads\\\/2026\\\/04\\\/656139518-1551571980310242-6196580312375961260-n.webp\",\"datePublished\":\"2026-04-08T16:16:00+00:00\",\"dateModified\":\"2026-04-23T10:50:22+00:00\",\"breadcrumb\":{\"@id\":\"https:\\\/\\\/www.visital.no\\\/aktuelt\\\/er-du-pa-jakt-etter-sommerjobb\\\/#breadcrumb\"},\"inLanguage\":\"en-GB\",\"potentialAction\":[{\"@type\":\"ReadAction\",\"target\":[\"https:\\\/\\\/www.visital.no\\\/aktuelt\\\/er-du-pa-jakt-etter-sommerjobb\\\/\"]}]},{\"@type\":\"ImageObject\",\"inLanguage\":\"en-GB\",\"@id\":\"https:\\\/\\\/www.visital.no\\\/aktuelt\\\/er-du-pa-jakt-etter-sommerjobb\\\/#primaryimage\",\"url\":\"https:\\\/\\\/www.visital.no\\\/wp-content\\\/uploads\\\/2026\\\/04\\\/656139518-1551571980310242-6196580312375961260-n.webp\",\"contentUrl\":\"https:\\\/\\\/www.visital.no\\\/wp-content\\\/uploads\\\/2026\\\/04\\\/656139518-1551571980310242-6196580312375961260-n.webp\",\"width\":2048,\"height\":1536,\"caption\":\"Bilde av Ola & Emilie i Visit \u00c5l\"},{\"@type\":\"BreadcrumbList\",\"@id\":\"https:\\\/\\\/www.visital.no\\\/aktuelt\\\/er-du-pa-jakt-etter-sommerjobb\\\/#breadcrumb\",\"itemListElement\":[{\"@type\":\"ListItem\",\"position\":1,\"name\":\"Home\",\"item\":\"https:\\\/\\\/www.visital.no\\\/\"},{\"@type\":\"ListItem\",\"position\":2,\"name\":\"Lyst p\u00e5 sommerjobb i Visit \u00c5l?\"}]},{\"@type\":\"WebSite\",\"@id\":\"https:\\\/\\\/www.visital.no\\\/#website\",\"url\":\"https:\\\/\\\/www.visital.no\\\/\",\"name\":\"Visit \u00c5l\",\"description\":\"\",\"publisher\":{\"@id\":\"https:\\\/\\\/www.visital.no\\\/#organization\"},\"potentialAction\":[{\"@type\":\"SearchAction\",\"target\":{\"@type\":\"EntryPoint\",\"urlTemplate\":\"https:\\\/\\\/www.visital.no\\\/?s={search_term_string}\"},\"query-input\":{\"@type\":\"PropertyValueSpecification\",\"valueRequired\":true,\"valueName\":\"search_term_string\"}}],\"inLanguage\":\"en-GB\"},{\"@type\":\"Organization\",\"@id\":\"https:\\\/\\\/www.visital.no\\\/#organization\",\"name\":\"Visit \u00c5l\",\"url\":\"https:\\\/\\\/www.visital.no\\\/\",\"logo\":{\"@type\":\"ImageObject\",\"inLanguage\":\"en-GB\",\"@id\":\"https:\\\/\\\/www.visital.no\\\/#\\\/schema\\\/logo\\\/image\\\/\",\"url\":\"https:\\\/\\\/www.visital.no\\\/wp-content\\\/uploads\\\/2024\\\/11\\\/al-i-hallingdal-logo.svg\",\"contentUrl\":\"https:\\\/\\\/www.visital.no\\\/wp-content\\\/uploads\\\/2024\\\/11\\\/al-i-hallingdal-logo.svg\",\"width\":258,\"height\":100,\"caption\":\"Visit \u00c5l\"},\"image\":{\"@id\":\"https:\\\/\\\/www.visital.no\\\/#\\\/schema\\\/logo\\\/image\\\/\"},\"sameAs\":[\"https:\\\/\\\/facebook.com\\\/visitalihallingdal\\\/\",\"https:\\\/\\\/instagram.com\\\/visitalihallingdal\\\/\",\"https:\\\/\\\/youtube.com\\\/user\\\/alutvikling\"]},{\"@type\":\"Person\",\"@id\":\"https:\\\/\\\/www.visital.no\\\/#\\\/schema\\\/person\\\/852e2864ef98b7d93d3b043d22f2ba1e\",\"name\":\"Emilie Valderhaug\",\"image\":{\"@type\":\"ImageObject\",\"inLanguage\":\"en-GB\",\"@id\":\"https:\\\/\\\/secure.gravatar.com\\\/avatar\\\/3c736e702a67ae030dfc83ee0f108680e09ef3f067b451dabbf9993a4f840938?s=96&d=mm&r=g\",\"url\":\"https:\\\/\\\/secure.gravatar.com\\\/avatar\\\/3c736e702a67ae030dfc83ee0f108680e09ef3f067b451dabbf9993a4f840938?s=96&d=mm&r=g\",\"contentUrl\":\"https:\\\/\\\/secure.gravatar.com\\\/avatar\\\/3c736e702a67ae030dfc83ee0f108680e09ef3f067b451dabbf9993a4f840938?s=96&d=mm&r=g\",\"caption\":\"Emilie Valderhaug\"},\"sameAs\":[\"http:\\\/\\\/visital.no\"]}]}<\/script>","yoast_head_json":{"title":"Lyst p\u00e5 sommerjobb i Visit \u00c5l? - Visit \u00c5l","robots":{"index":"index","follow":"follow","max-snippet":"max-snippet:-1","max-image-preview":"max-image-preview:large","max-video-preview":"max-video-preview:-1"},"canonical":"https:\/\/www.visital.no\/en\/aktuelt\/er-du-pa-jakt-etter-sommerjobb\/","og_locale":"en_GB","og_type":"article","og_title":"Lyst p\u00e5 sommerjobb i Visit \u00c5l?","og_description":"Vi ser etter deg som ikke er redd for \u00e5 snakke med folk, kjenner \u00c5l ganske godt og kan jobbe selvstendig.","og_url":"https:\/\/www.visital.no\/en\/aktuelt\/er-du-pa-jakt-etter-sommerjobb\/","og_site_name":"Visit \u00c5l","article_publisher":"https:\/\/facebook.com\/visitalihallingdal\/","article_published_time":"2026-04-08T16:16:00+00:00","article_modified_time":"2026-04-23T10:50:22+00:00","og_image":[{"width":1080,"height":565,"url":"https:\/\/www.visital.no\/wp-content\/uploads\/2026\/04\/lyst-pa-sommerjobb.webp","type":"image\/png"}],"author":"Emilie Valderhaug","twitter_card":"summary_large_image","twitter_misc":{"Written by":"Emilie Valderhaug","Est. reading time":"2 minutes"},"schema":{"@context":"https:\/\/schema.org","@graph":[{"@type":"Article","@id":"https:\/\/www.visital.no\/aktuelt\/er-du-pa-jakt-etter-sommerjobb\/#article","isPartOf":{"@id":"https:\/\/www.visital.no\/aktuelt\/er-du-pa-jakt-etter-sommerjobb\/"},"author":{"name":"Emilie Valderhaug","@id":"https:\/\/www.visital.no\/#\/schema\/person\/852e2864ef98b7d93d3b043d22f2ba1e"},"headline":"Lyst p\u00e5 sommerjobb i Visit \u00c5l?","datePublished":"2026-04-08T16:16:00+00:00","dateModified":"2026-04-23T10:50:22+00:00","mainEntityOfPage":{"@id":"https:\/\/www.visital.no\/aktuelt\/er-du-pa-jakt-etter-sommerjobb\/"},"wordCount":251,"publisher":{"@id":"https:\/\/www.visital.no\/#organization"},"image":{"@id":"https:\/\/www.visital.no\/aktuelt\/er-du-pa-jakt-etter-sommerjobb\/#primaryimage"},"thumbnailUrl":"https:\/\/www.visital.no\/wp-content\/uploads\/2026\/04\/656139518-1551571980310242-6196580312375961260-n.webp","articleSection":["Aktuelt"],"inLanguage":"en-GB"},{"@type":"WebPage","@id":"https:\/\/www.visital.no\/aktuelt\/er-du-pa-jakt-etter-sommerjobb\/","url":"https:\/\/www.visital.no\/aktuelt\/er-du-pa-jakt-etter-sommerjobb\/","name":"Lyst p\u00e5 sommerjobb i Visit \u00c5l? - Visit \u00c5l","isPartOf":{"@id":"https:\/\/www.visital.no\/#website"},"primaryImageOfPage":{"@id":"https:\/\/www.visital.no\/aktuelt\/er-du-pa-jakt-etter-sommerjobb\/#primaryimage"},"image":{"@id":"https:\/\/www.visital.no\/aktuelt\/er-du-pa-jakt-etter-sommerjobb\/#primaryimage"},"thumbnailUrl":"https:\/\/www.visital.no\/wp-content\/uploads\/2026\/04\/656139518-1551571980310242-6196580312375961260-n.webp","datePublished":"2026-04-08T16:16:00+00:00","dateModified":"2026-04-23T10:50:22+00:00","breadcrumb":{"@id":"https:\/\/www.visital.no\/aktuelt\/er-du-pa-jakt-etter-sommerjobb\/#breadcrumb"},"inLanguage":"en-GB","potentialAction":[{"@type":"ReadAction","target":["https:\/\/www.visital.no\/aktuelt\/er-du-pa-jakt-etter-sommerjobb\/"]}]},{"@type":"ImageObject","inLanguage":"en-GB","@id":"https:\/\/www.visital.no\/aktuelt\/er-du-pa-jakt-etter-sommerjobb\/#primaryimage","url":"https:\/\/www.visital.no\/wp-content\/uploads\/2026\/04\/656139518-1551571980310242-6196580312375961260-n.webp","contentUrl":"https:\/\/www.visital.no\/wp-content\/uploads\/2026\/04\/656139518-1551571980310242-6196580312375961260-n.webp","width":2048,"height":1536,"caption":"Bilde av Ola & Emilie i Visit \u00c5l"},{"@type":"BreadcrumbList","@id":"https:\/\/www.visital.no\/aktuelt\/er-du-pa-jakt-etter-sommerjobb\/#breadcrumb","itemListElement":[{"@type":"ListItem","position":1,"name":"Home","item":"https:\/\/www.visital.no\/"},{"@type":"ListItem","position":2,"name":"Lyst p\u00e5 sommerjobb i Visit \u00c5l?"}]},{"@type":"WebSite","@id":"https:\/\/www.visital.no\/#website","url":"https:\/\/www.visital.no\/","name":"Visit \u00c5l","description":"","publisher":{"@id":"https:\/\/www.visital.no\/#organization"},"potentialAction":[{"@type":"SearchAction","target":{"@type":"EntryPoint","urlTemplate":"https:\/\/www.visital.no\/?s={search_term_string}"},"query-input":{"@type":"PropertyValueSpecification","valueRequired":true,"valueName":"search_term_string"}}],"inLanguage":"en-GB"},{"@type":"Organization","@id":"https:\/\/www.visital.no\/#organization","name":"Visit \u00c5l","url":"https:\/\/www.visital.no\/","logo":{"@type":"ImageObject","inLanguage":"en-GB","@id":"https:\/\/www.visital.no\/#\/schema\/logo\/image\/","url":"https:\/\/www.visital.no\/wp-content\/uploads\/2024\/11\/al-i-hallingdal-logo.svg","contentUrl":"https:\/\/www.visital.no\/wp-content\/uploads\/2024\/11\/al-i-hallingdal-logo.svg","width":258,"height":100,"caption":"Visit \u00c5l"},"image":{"@id":"https:\/\/www.visital.no\/#\/schema\/logo\/image\/"},"sameAs":["https:\/\/facebook.com\/visitalihallingdal\/","https:\/\/instagram.com\/visitalihallingdal\/","https:\/\/youtube.com\/user\/alutvikling"]},{"@type":"Person","@id":"https:\/\/www.visital.no\/#\/schema\/person\/852e2864ef98b7d93d3b043d22f2ba1e","name":"Emilie Valderhaug","image":{"@type":"ImageObject","inLanguage":"en-GB","@id":"https:\/\/secure.gravatar.com\/avatar\/3c736e702a67ae030dfc83ee0f108680e09ef3f067b451dabbf9993a4f840938?s=96&d=mm&r=g","url":"https:\/\/secure.gravatar.com\/avatar\/3c736e702a67ae030dfc83ee0f108680e09ef3f067b451dabbf9993a4f840938?s=96&d=mm&r=g","contentUrl":"https:\/\/secure.gravatar.com\/avatar\/3c736e702a67ae030dfc83ee0f108680e09ef3f067b451dabbf9993a4f840938?s=96&d=mm&r=g","caption":"Emilie Valderhaug"},"sameAs":["http:\/\/visital.no"]}]}},"_links":{"self":[{"href":"https:\/\/www.visital.no\/en\/wp-json\/wp\/v2\/posts\/2436","targetHints":{"allow":["GET"]}}],"collection":[{"href":"https:\/\/www.visital.no\/en\/wp-json\/wp\/v2\/posts"}],"about":[{"href":"https:\/\/www.visital.no\/en\/wp-json\/wp\/v2\/types\/post"}],"author":[{"embeddable":true,"href":"https:\/\/www.visital.no\/en\/wp-json\/wp\/v2\/users\/3"}],"replies":[{"embeddable":true,"href":"https:\/\/www.visital.no\/en\/wp-json\/wp\/v2\/comments?post=2436"}],"version-history":[{"count":9,"href":"https:\/\/www.visital.no\/en\/wp-json\/wp\/v2\/posts\/2436\/revisions"}],"predecessor-version":[{"id":5334,"href":"https:\/\/www.visital.no\/en\/wp-json\/wp\/v2\/posts\/2436\/revisions\/5334"}],"wp:featuredmedia":[{"embeddable":true,"href":"https:\/\/www.visital.no\/en\/wp-json\/wp\/v2\/media\/5267"}],"wp:attachment":[{"href":"https:\/\/www.visital.no\/en\/wp-json\/wp\/v2\/media?parent=2436"}],"wp:term":[{"taxonomy":"category","embeddable":true,"href":"https:\/\/www.visital.no\/en\/wp-json\/wp\/v2\/categories?post=2436"},{"taxonomy":"post_tag","embeddable":true,"href":"https:\/\/www.visital.no\/en\/wp-json\/wp\/v2\/tags?post=2436"}],"curies":[{"name":"wp","href":"https:\/\/api.w.org\/{rel}","templated":true}]}}