{"id":3252,"global_id":"www.visital.no\/en?id=3252","global_id_lineage":["www.visital.no\/en?id=3252"],"author":"3","status":"publish","date":"2025-07-03 10:29:13","date_utc":"2025-07-03 08:29:13","modified":"2025-07-03 10:29:13","modified_utc":"2025-07-03 08:29:13","url":"https:\/\/www.visital.no\/en\/arrangementer\/al-dagen\/","rest_url":"https:\/\/www.visital.no\/en\/wp-json\/tribe\/events\/v1\/events\/3252","title":"\u00c5l-dagen","description":"<h2 data-start=\"334\" data-end=\"349\">Program<\/h2>\n<h3 data-start=\"351\" data-end=\"370\"><strong data-start=\"351\" data-end=\"370\">Fredag 25. juli<\/strong><\/h3>\n<ul data-start=\"371\" data-end=\"415\">\n<li data-start=\"371\" data-end=\"415\">\n<p data-start=\"373\" data-end=\"415\">19:00: Skalldyrsaften p\u00e5 Bear House Burger<\/p>\n<\/li>\n<\/ul>\n<h3 data-start=\"417\" data-end=\"436\"><strong data-start=\"417\" data-end=\"436\">L\u00f8rdag 26. juli<\/strong><\/h3>\n<ul data-start=\"437\" data-end=\"747\">\n<li data-start=\"437\" data-end=\"476\">\n<p data-start=\"439\" data-end=\"476\">09:00: Auksjonsvisning i Sundrehall<\/p>\n<\/li>\n<li data-start=\"477\" data-end=\"501\">\n<p data-start=\"479\" data-end=\"501\">10:00: Auksjonsstart<\/p>\n<\/li>\n<li data-start=\"502\" data-end=\"543\">\n<p data-start=\"504\" data-end=\"543\">10:00\u201316:00: Markedsboder og lokalmat<\/p>\n<\/li>\n<li data-start=\"544\" data-end=\"577\">\n<p data-start=\"546\" data-end=\"577\">11:00\u201313:00: Gratis vassgraut<\/p>\n<\/li>\n<li data-start=\"578\" data-end=\"604\">\n<p data-start=\"580\" data-end=\"604\">12:00: Peppa Gris-show<\/p>\n<\/li>\n<li data-start=\"605\" data-end=\"640\">\n<p data-start=\"607\" data-end=\"640\">13:00 &amp; 14:00: M\u00f8t &amp; hils Peppa<\/p>\n<\/li>\n<li data-start=\"641\" data-end=\"690\">\n<p data-start=\"643\" data-end=\"690\">Hele dagen: Barneaktiviteter og underholdning<\/p>\n<\/li>\n<li data-start=\"691\" data-end=\"747\">\n<p data-start=\"693\" data-end=\"747\">21:00: Utekonsert med Tom &amp; The Fortunates + DJ Jonas1<\/p>\n<\/li>\n<\/ul>\n<p>&nbsp;<\/p>\n<p>Ta med deg familie og venner og bli med p\u00e5 sommerens hyggeligste dag i \u00c5l!<\/p>\n<p>&nbsp;<\/p>\n<p>Vil du bidra eller delta som utstiller? Kontakt oss p\u00e5 <a class=\"cursor-pointer\" rel=\"noopener\" data-start=\"962\" data-end=\"1007\">dl@alutvikling.no<\/a><\/p>","excerpt":"<p>L\u00f8rdag 26. juli fylles \u00c5l sentrum med markedsboder, aktiviteter, musikk og feststemning! Her blir det kortreist mat, barneunderholdning, overraskelser og liv fra morgen til kveld.<\/p>","slug":"al-dagen","image":{"url":"https:\/\/www.visital.no\/wp-content\/uploads\/2025\/05\/494188640-1250925190374924-243190593928847282-n.jpg","id":2650,"extension":"jpg","width":1325,"height":883,"filesize":605728,"sizes":{"medium":{"width":300,"height":200,"mime-type":"image\/jpeg","filesize":33615,"url":"https:\/\/www.visital.no\/wp-content\/uploads\/2025\/05\/494188640-1250925190374924-243190593928847282-n-300x200.jpg"},"large":{"width":1024,"height":682,"mime-type":"image\/jpeg","filesize":296549,"url":"https:\/\/www.visital.no\/wp-content\/uploads\/2025\/05\/494188640-1250925190374924-243190593928847282-n-1024x682.jpg"},"thumbnail":{"width":150,"height":150,"mime-type":"image\/jpeg","filesize":14139,"url":"https:\/\/www.visital.no\/wp-content\/uploads\/2025\/05\/494188640-1250925190374924-243190593928847282-n-150x150.jpg"},"medium_large":{"width":768,"height":512,"mime-type":"image\/jpeg","filesize":178060,"url":"https:\/\/www.visital.no\/wp-content\/uploads\/2025\/05\/494188640-1250925190374924-243190593928847282-n-768x512.jpg"},"elementor_custom_1500x844":{"width":1500,"height":844,"mime-type":"image\/jpeg","url":"https:\/\/www.visital.no\/wp-content\/uploads\/2025\/05\/elementor\/thumbs\/494188640-1250925190374924-243190593928847282-n-r5uztk1zaiyzi1ovf85xj20isug4xgp0mor0yzkcag.jpg"}}},"all_day":true,"start_date":"2025-07-26 00:00:00","start_date_details":{"year":"2025","month":"07","day":"26","hour":"00","minutes":"00","seconds":"00"},"end_date":"2025-07-26 23:59:59","end_date_details":{"year":"2025","month":"07","day":"26","hour":"23","minutes":"59","seconds":"59"},"utc_start_date":"2025-07-25 22:00:00","utc_start_date_details":{"year":"2025","month":"07","day":"25","hour":"22","minutes":"00","seconds":"00"},"utc_end_date":"2025-07-26 21:59:59","utc_end_date_details":{"year":"2025","month":"07","day":"26","hour":"21","minutes":"59","seconds":"59"},"timezone":"Europe\/Oslo","timezone_abbr":"CEST","cost":"Gratis","cost_details":{"currency_symbol":" kr","currency_code":"NOK","currency_position":"suffix","values":["gratis"]},"website":"","show_map":false,"show_map_link":true,"hide_from_listings":false,"sticky":false,"featured":false,"categories":[{"name":"Marked","slug":"marked","term_group":0,"term_taxonomy_id":98,"taxonomy":"tribe_events_cat","description":"","parent":0,"count":2,"filter":"raw","id":98,"urls":{"self":"https:\/\/www.visital.no\/en\/wp-json\/tribe\/events\/v1\/categories\/98","collection":"https:\/\/www.visital.no\/en\/wp-json\/tribe\/events\/v1\/categories"}},{"name":"Sosial M\u00f8teplass","slug":"sosial-moteplass","term_group":0,"term_taxonomy_id":90,"taxonomy":"tribe_events_cat","description":"","parent":0,"count":45,"filter":"raw","id":90,"urls":{"self":"https:\/\/www.visital.no\/en\/wp-json\/tribe\/events\/v1\/categories\/90","collection":"https:\/\/www.visital.no\/en\/wp-json\/tribe\/events\/v1\/categories"}}],"tags":[],"venue":{"id":2274,"author":"3","status":"publish","date":"2025-04-10 23:30:32","date_utc":"2025-04-10 21:30:32","modified":"2025-04-10 23:30:32","modified_utc":"2025-04-10 21:30:32","url":"https:\/\/www.visital.no\/en\/venue\/sundre\/","venue":"Sundre","slug":"sundre","address":"Sundre, Myren 40","city":"\u00c5l","country":"Norway","zip":"3570","phone":"41 55 26 55","website":"https:\/\/www.folkemusikkveka.no","json_ld":{"@type":"Place","name":"Sundre","description":"","url":"","address":{"@type":"PostalAddress","streetAddress":"Sundre, Myren 40","addressLocality":"\u00c5l","postalCode":"3570","addressCountry":"Norway"},"telephone":"41 55 26 55","sameAs":"https:\/\/www.folkemusikkveka.no"},"show_map":true,"show_map_link":true,"global_id":"www.visital.no\/en?id=2274","global_id_lineage":["www.visital.no\/en?id=2274"]},"organizer":[],"custom_fields":[],"json_ld":{"@context":"http:\/\/schema.org","@type":"Event","name":"\u00c5l-dagen","description":"&lt;p&gt;L\u00f8rdag 26. juli fylles \u00c5l sentrum med markedsboder, aktiviteter, musikk og feststemning! Her blir det kortreist mat, barneunderholdning, overraskelser og liv fra morgen til kveld.&lt;\/p&gt;\\n","image":"https:\/\/www.visital.no\/wp-content\/uploads\/2025\/05\/494188640-1250925190374924-243190593928847282-n.jpg","url":"https:\/\/www.visital.no\/en\/arrangementer\/al-dagen\/","eventAttendanceMode":"https:\/\/schema.org\/OfflineEventAttendanceMode","eventStatus":"https:\/\/schema.org\/EventScheduled","startDate":"2025-07-26T00:00:00+02:00","endDate":"2025-07-26T23:59:59+02:00","location":{"@type":"Place","name":"Sundre","description":"","url":"","address":{"@type":"PostalAddress","streetAddress":"Sundre, Myren 40","addressLocality":"\u00c5l","postalCode":"3570","addressCountry":"Norway"},"telephone":"41 55 26 55","sameAs":"https:\/\/www.folkemusikkveka.no"},"offers":{"@type":"Offer","price":"Gratis","priceCurrency":"NOK","url":"https:\/\/www.visital.no\/en\/arrangementer\/al-dagen\/","category":"primary","availability":"inStock","validFrom":"2025-07-03T00:00:00+00:00"},"performer":"Organization"}}