{"id":6526,"date":"2026-08-01T16:09:21","date_gmt":"2026-08-01T14:09:21","guid":{"rendered":"https:\/\/www.visital.no\/?p=6526"},"modified":"2026-09-01T16:12:44","modified_gmt":"2026-09-01T14:12:44","slug":"opplev-ekte-stolsliv-og-tradisjonsmat-i-fjellet","status":"publish","type":"post","link":"https:\/\/www.visital.no\/de\/aktuelt\/opplev-ekte-stolsliv-og-tradisjonsmat-i-fjellet\/","title":{"rendered":"Erlebe echtes Alpleben und traditionelle Bergk\u00fcche"},"content":{"rendered":"<div data-elementor-type=\"wp-post\" data-elementor-id=\"6526\" class=\"elementor elementor-6526\" wpc-filter-elementor-widget=\"1\" data-elementor-post-type=\"post\">\n\t\t\t\t<div class=\"elementor-element elementor-element-36d1bbf e-flex e-con-boxed e-con e-parent\" data-id=\"36d1bbf\" data-element_type=\"container\" data-e-type=\"container\">\n\t\t\t\t\t<div class=\"e-con-inner\">\n\t\t\t\t<div class=\"elementor-element elementor-element-72dd56d3 elementor-widget elementor-widget-text-editor\" data-id=\"72dd56d3\" data-element_type=\"widget\" data-e-type=\"widget\" data-widget_type=\"text-editor.default\">\n\t\t\t\t<div class=\"elementor-widget-container\">\n\t\t\t\t\t\t\t\t\t\n<h2 class=\"wp-block-heading\">En levende del av fjellkulturen<\/h2>\n\n<p class=\"wp-block-paragraph\">St\u00f8lstradisjonen i \u00c5l strekker seg flere hundre \u00e5r tilbake i tid. De f\u00f8rste st\u00f8lene i omr\u00e5det ble trolig ryddet allerede tidlig p\u00e5 1500-tallet. Siden den gang har fjellet v\u00e6rt brukt til beite, sl\u00e5tt og matproduksjon, og kunnskapen har blitt f\u00f8rt videre gjennom generasjoner.<\/p>\n\n<p class=\"wp-block-paragraph\">I 2024 ble norsk og svensk seterkultur skrevet inn p\u00e5 UNESCOs representative liste over menneskehetens immaterielle kulturarv. Det er kunnskapen og tradisjonene knyttet til blant annet utmarksbeite, dyrehold og matforedling som st\u00e5r p\u00e5 listen. P\u00e5 st\u00f8lene rundt \u00c5l er flere av disse tradisjonene fortsatt i bruk.<\/p>\n\t\t\t\t\t\t\t\t<\/div>\n\t\t\t\t<\/div>\n\t\t\t\t<div class=\"elementor-element elementor-element-ee7ebc2 elementor-widget elementor-widget-text-editor\" data-id=\"ee7ebc2\" data-element_type=\"widget\" data-e-type=\"widget\" data-widget_type=\"text-editor.default\">\n\t\t\t\t<div class=\"elementor-widget-container\">\n\t\t\t\t\t\t\t\t\t\n<h2 class=\"wp-block-heading\">Fagerdalen St\u00f8l: st\u00f8lsmat midt i fjellet<\/h2>\n\t\t\t\t\t\t\t\t<\/div>\n\t\t\t\t<\/div>\n\t\t<div class=\"elementor-element elementor-element-345bb5ca e-grid e-con-full e-con e-child\" data-id=\"345bb5ca\" data-element_type=\"container\" data-e-type=\"container\">\n\t\t\t\t<div class=\"elementor-element elementor-element-4c8a8c59 elementor-widget elementor-widget-image\" data-id=\"4c8a8c59\" data-element_type=\"widget\" data-e-type=\"widget\" data-widget_type=\"image.default\">\n\t\t\t\t<div class=\"elementor-widget-container\">\n\t\t\t\t\t\t\t\t\t\t\t\t\t\t\t<img decoding=\"async\" src=\"https:\/\/www.visital.no\/wp-content\/uploads\/elementor\/thumbs\/vb07642-rsrnf7bfzeghhbbfwqe4f8clzvm8d5mzn4roi5spmw.webp\" title=\"_VB07642\" alt=\"_VB07642\" loading=\"lazy\" \/>\t\t\t\t\t\t\t\t\t\t\t\t\t\t\t<\/div>\n\t\t\t\t<\/div>\n\t\t\t\t<div class=\"elementor-element elementor-element-c728342 elementor-widget elementor-widget-text-editor\" data-id=\"c728342\" data-element_type=\"widget\" data-e-type=\"widget\" data-widget_type=\"text-editor.default\">\n\t\t\t\t<div class=\"elementor-widget-container\">\n\t\t\t\t\t\t\t\t\t\n<p class=\"wp-block-paragraph\">Fra Bergsj\u00f8omr\u00e5det g\u00e5r fjellveien videre mot Fagerdalen St\u00f8l. Fagerdalen St\u00f8l h\u00f8rer til g\u00e5rden S\u00f8re Berg i Hovet, og flere kilder knytter familiens bruk av stedet tilbake til 1702. Her melkes kyrne morgen og kveld, og melka foredles videre til blant annet r\u00f8mme, sm\u00f8r og forskjellige oster. I st\u00f8lsbua kan du sette deg ned og smake p\u00e5 tradisjonell st\u00f8lsmat som rummegraut og kvikaku med r\u00f8mme og syltet\u00f8y.<\/p>\n\t\t\t\t\t\t\t\t<\/div>\n\t\t\t\t<\/div>\n\t\t\t\t<\/div>\n\t\t\t\t<div class=\"elementor-element elementor-element-754b5d2 elementor-widget elementor-widget-text-editor\" data-id=\"754b5d2\" data-element_type=\"widget\" data-e-type=\"widget\" data-widget_type=\"text-editor.default\">\n\t\t\t\t<div class=\"elementor-widget-container\">\n\t\t\t\t\t\t\t\t\t\n<p class=\"wp-block-paragraph\">Du kan kj\u00f8re helt fram til Fagerdalen, eller gj\u00f8re turen til en del av opplevelsen og sykle fra Bergsj\u00f8omr\u00e5det gjennom h\u00f8yfjellslandskapet.<\/p>\n\n<p class=\"wp-block-paragraph\"><strong><a href=\"https:\/\/www.visital.no\/de\/aktuelt\/fagerdalen-stol-et-mote-med-det-ekte-stolslivet\/\">Mehr \u00fcber Fagerdalen St\u00f8l erfahren<\/a><\/strong><\/p>\n\t\t\t\t\t\t\t\t<\/div>\n\t\t\t\t<\/div>\n\t\t\t\t<div class=\"elementor-element elementor-element-5bf5139 elementor-widget elementor-widget-text-editor\" data-id=\"5bf5139\" data-element_type=\"widget\" data-e-type=\"widget\" data-widget_type=\"text-editor.default\">\n\t\t\t\t<div class=\"elementor-widget-container\">\n\t\t\t\t\t\t\t\t\t\n<h2 class=\"wp-block-heading\">Iungsdalshytta: st\u00f8lsliv, fjellmat og overnatting<\/h2>\n\t\t\t\t\t\t\t\t<\/div>\n\t\t\t\t<\/div>\n\t\t<div class=\"elementor-element elementor-element-46b8158 e-grid e-con-full e-con e-child\" data-id=\"46b8158\" data-element_type=\"container\" data-e-type=\"container\">\n\t\t\t\t<div class=\"elementor-element elementor-element-cbdef09 elementor-widget elementor-widget-image\" data-id=\"cbdef09\" data-element_type=\"widget\" data-e-type=\"widget\" data-widget_type=\"image.default\">\n\t\t\t\t<div class=\"elementor-widget-container\">\n\t\t\t\t\t\t\t\t\t\t\t\t\t\t\t<img decoding=\"async\" src=\"https:\/\/www.visital.no\/wp-content\/uploads\/elementor\/thumbs\/071923skarvheimen-foto-mariusdalseg-drone1jpgmcfmu9x-mwnjv61jwcua9c-km3kfjm-rqj9e1sceou4mq2e14ky4zqdciz8a7stihzjou5vpk.webp\" title=\"071923Skarvheimen_Foto_MariusDalseg_drohne1.jpg.mCfmu9X-MWNjV61jwCUA.9c_kM3KFJM\" alt=\"Iungdalshytta i \u00c5l\" loading=\"lazy\" \/>\t\t\t\t\t\t\t\t\t\t\t\t\t\t\t<\/div>\n\t\t\t\t<\/div>\n\t\t\t\t<div class=\"elementor-element elementor-element-b330d10 elementor-widget elementor-widget-text-editor\" data-id=\"b330d10\" data-element_type=\"widget\" data-e-type=\"widget\" data-widget_type=\"text-editor.default\">\n\t\t\t\t<div class=\"elementor-widget-container\">\n\t\t\t\t\t\t\t\t\t\n<p class=\"wp-block-paragraph\">Fra Toviken g\u00e5r turen rundt fire kilometer langs Iungsdalsvatnet og inn mot Iungsdalshytta. Turen tar omtrent \u00e9n time hver vei og gir mye fjellf\u00f8lelse p\u00e5 kort tid, med \u00e5pent landskap, stille vann og utsikt mot fjellene i Skarvheimen.<\/p>\n\n<p class=\"wp-block-paragraph\">Rett ved hytta ligger Oddest\u00f8len, der st\u00f8lstradisjonene fortsatt lever. Her produseres blant annet r\u00f8mme, ost, kulturmelk og yoghurt med melk fra st\u00f8len, og egg fra egne h\u00f8ner brukes i serveringen.<\/p>\n\t\t\t\t\t\t\t\t<\/div>\n\t\t\t\t<\/div>\n\t\t\t\t<\/div>\n\t\t\t\t<div class=\"elementor-element elementor-element-ed5645f elementor-widget elementor-widget-text-editor\" data-id=\"ed5645f\" data-element_type=\"widget\" data-e-type=\"widget\" data-widget_type=\"text-editor.default\">\n\t\t\t\t<div class=\"elementor-widget-container\">\n\t\t\t\t\t\t\t\t\t\n<p>Maten er en viktig del av opplevelsen p\u00e5 Iungsdalshytta. Her lages maten fra bunnen av med lokale r\u00e5varer og produkter fra st\u00f8len. Det serveres blant annet nybakt br\u00f8d og hjemmelagde salater, og r\u00e5varer som fisk fra Iungsdalsvatnet og b\u00e6r fra omr\u00e5det brukes n\u00e5r det er tilgjengelig.<\/p>\n\n<p class=\"wp-block-paragraph\">Du kan g\u00e5 inn p\u00e5 dagstur og spise p\u00e5 hytta, eller bli natta over og f\u00e5 med deg middag, fjellkvelden og frokost f\u00f8r turen g\u00e5r tilbake.<\/p>\n\n<p class=\"wp-block-paragraph\"><strong><a href=\"https:\/\/www.dnt.no\/hytter\/betjente\/iungsdalshytta\/\">Les mer og bestill opphold p\u00e5 Iungsdalshytta<\/a><\/strong><\/p>\n\t\t\t\t\t\t\t\t<\/div>\n\t\t\t\t<\/div>\n\t\t\t\t<div class=\"elementor-element elementor-element-23e2059 elementor-widget elementor-widget-text-editor\" data-id=\"23e2059\" data-element_type=\"widget\" data-e-type=\"widget\" data-widget_type=\"text-editor.default\">\n\t\t\t\t<div class=\"elementor-widget-container\">\n\t\t\t\t\t\t\t\t\t\n<h2 class=\"wp-block-heading\">Tormodset: st\u00f8lsprodukter fra Votndals\u00e5sen<\/h2>\n\t\t\t\t\t\t\t\t<\/div>\n\t\t\t\t<\/div>\n\t\t<div class=\"elementor-element elementor-element-7b9b80b e-grid e-con-full e-con e-child\" data-id=\"7b9b80b\" data-element_type=\"container\" data-e-type=\"container\">\n\t\t\t\t<div class=\"elementor-element elementor-element-300d1f1 elementor-widget elementor-widget-image\" data-id=\"300d1f1\" data-element_type=\"widget\" data-e-type=\"widget\" data-widget_type=\"image.default\">\n\t\t\t\t<div class=\"elementor-widget-container\">\n\t\t\t\t\t\t\t\t\t\t\t\t\t\t\t<img decoding=\"async\" src=\"https:\/\/www.visital.no\/wp-content\/uploads\/elementor\/thumbs\/494051125-1250564180411025-6214869023100942042-n-e1788271855535-rsrnmn7g36n7e6ibgg6snuqzaoxuaw6hnyp2a0ridk.webp\" title=\"494051125_1250564180411025_6214869023100942042_n\" alt=\"Bilde fra Tormodset i \u00c5l\" loading=\"lazy\" \/>\t\t\t\t\t\t\t\t\t\t\t\t\t\t\t<\/div>\n\t\t\t\t<\/div>\n\t\t\t\t<div class=\"elementor-element elementor-element-c235857 elementor-widget elementor-widget-text-editor\" data-id=\"c235857\" data-element_type=\"widget\" data-e-type=\"widget\" data-widget_type=\"text-editor.default\">\n\t\t\t\t<div class=\"elementor-widget-container\">\n\t\t\t\t\t\t\t\t\t\n<p class=\"wp-block-paragraph\">P\u00e5 Votndals\u00e5sen, rundt 950 meter over havet, ligger Tormodset. St\u00f8len er en del av et gammelt st\u00f8lslandskap i \u00c5l, der g\u00e5rdene gjennom generasjoner har brukt \u00e5sen til beite og matproduksjon. Gamle stedsnavn og spor etter en kl\u00f8vveg gjennom st\u00f8lsvollene forteller om ferdselen mellom bygda og st\u00f8lene.<\/p>\n\n<p class=\"wp-block-paragraph\">I dag er Tormodset fortsatt en aktiv melkest\u00f8l. Her blir melka foredlet til tradisjonelle st\u00f8lsprodukter som r\u00f8mme, surystil, melkeprim og dylle.\u00a0<\/p>\n\t\t\t\t\t\t\t\t<\/div>\n\t\t\t\t<\/div>\n\t\t\t\t<\/div>\n\t\t\t\t<div class=\"elementor-element elementor-element-78d9d98 elementor-widget elementor-widget-text-editor\" data-id=\"78d9d98\" data-element_type=\"widget\" data-e-type=\"widget\" data-widget_type=\"text-editor.default\">\n\t\t\t\t<div class=\"elementor-widget-container\">\n\t\t\t\t\t\t\t\t\t\n<p class=\"wp-block-paragraph\">Tormodset har ikke ordin\u00e6r servering i sommersesongen, men du kan kj\u00f8pe med deg st\u00f8lsprodukter hjem. Om vinteren \u00e5pner kiosken i utvalgte ferieperioder.<\/p>\n\n<p class=\"wp-block-paragraph\"><a href=\"https:\/\/www.facebook.com\/tormodset\/?locale=nb_NO\"><strong>Sjekk \u00e5pningstidene<\/strong><\/a><\/p>\n\t\t\t\t\t\t\t\t<\/div>\n\t\t\t\t<\/div>\n\t\t\t\t<div class=\"elementor-element elementor-element-5256627 elementor-widget elementor-widget-text-editor\" data-id=\"5256627\" data-element_type=\"widget\" data-e-type=\"widget\" data-widget_type=\"text-editor.default\">\n\t\t\t\t<div class=\"elementor-widget-container\">\n\t\t\t\t\t\t\t\t\t\n<h2 class=\"wp-block-heading\">F\u00e5 med deg siste del av st\u00f8lssesongen<\/h2>\n\n<p class=\"wp-block-paragraph\">Det er fortsatt ikke for sent \u00e5 oppleve st\u00f8lskulturen denne sesongen.<\/p>\n\n<p class=\"wp-block-paragraph\">Fagerdalen St\u00f8l\u00a0holder \u00e5pent l\u00f8rdag og s\u00f8ndag til og med\u00a013. september, kl. 12.00\u201316.30.<\/p>\n\n<p class=\"wp-block-paragraph\">Iungsdalshytta\u00a0er betjent til og med\u00a013. september. Deretter g\u00e5r hytta over til selvbetjening.<\/p>\n\n<p class=\"wp-block-paragraph\">P\u00e5\u00a0Tormodset\u00a0kan du fortsatt kj\u00f8pe med deg st\u00f8lsprodukter hjem.<\/p>\n\n<p class=\"wp-block-paragraph\">S\u00e5 om du vil spise rummegraut p\u00e5 Fagerdalen, ta turen inn til Iungsdalen eller fylle handleposen med lokale st\u00f8lsprodukter fra Tormodset, er det fortsatt tid til \u00e5 f\u00e5 med seg litt mer av st\u00f8lslivet f\u00f8r h\u00f8sten tar over i fjellet.<\/p>\n\t\t\t\t\t\t\t\t<\/div>\n\t\t\t\t<\/div>\n\t\t\t\t\t<\/div>\n\t\t\t\t<\/div>\n\t\t\t\t<\/div>","protected":false},"excerpt":{"rendered":"<p>St\u00f8lskulturen h\u00f8rer ikke bare fortiden til. I \u00c5l og fjellomr\u00e5dene rundt finnes det fortsatt steder der kyr beiter i fjellet, melk foredles til tradisjonelle st\u00f8lsprodukter og gammel kunnskap holdes levende gjennom praktisk arbeid.<br \/>\nP\u00e5 Fagerdalen St\u00f8l, Tormodset og ved Iungsdalshytta kan du oppleve tre ulike sider av den samme tradisjonen.<\/p>","protected":false},"author":3,"featured_media":6529,"comment_status":"closed","ping_status":"closed","sticky":false,"template":"","format":"standard","meta":{"_acf_changed":false,"footnotes":""},"categories":[68],"tags":[],"class_list":["post-6526","post","type-post","status-publish","format-standard","has-post-thumbnail","hentry","category-aktuelt"],"acf":[],"yoast_head":"<title>Opplev ekte st\u00f8lsliv og tradisjonsmat i fjellet - Visit \u00c5l<\/title>\n<meta name=\"robots\" content=\"index, follow, max-snippet:-1, max-image-preview:large, max-video-preview:-1\" \/>\n<link rel=\"canonical\" href=\"https:\/\/www.visital.no\/de\/aktuelt\/opplev-ekte-stolsliv-og-tradisjonsmat-i-fjellet\/\" \/>\n<meta property=\"og:locale\" content=\"de_DE\" \/>\n<meta property=\"og:type\" content=\"article\" \/>\n<meta property=\"og:title\" content=\"Opplev ekte st\u00f8lsliv og tradisjonsmat i fjellet - Visit \u00c5l\" \/>\n<meta property=\"og:description\" content=\"St\u00f8lskulturen h\u00f8rer ikke bare fortiden til. I \u00c5l og fjellomr\u00e5dene rundt finnes det fortsatt steder der kyr beiter i fjellet, melk foredles til tradisjonelle st\u00f8lsprodukter og gammel kunnskap holdes levende gjennom praktisk arbeid. P\u00e5 Fagerdalen St\u00f8l, Tormodset og ved Iungsdalshytta kan du oppleve tre ulike sider av den samme tradisjonen.\" \/>\n<meta property=\"og:url\" content=\"https:\/\/www.visital.no\/de\/aktuelt\/opplev-ekte-stolsliv-og-tradisjonsmat-i-fjellet\/\" \/>\n<meta property=\"og:site_name\" content=\"Visit \u00c5l\" \/>\n<meta property=\"article:publisher\" content=\"https:\/\/facebook.com\/visitalihallingdal\/\" \/>\n<meta property=\"article:published_time\" content=\"2026-08-01T14:09:21+00:00\" \/>\n<meta property=\"article:modified_time\" content=\"2026-09-01T14:12:44+00:00\" \/>\n<meta property=\"og:image\" content=\"https:\/\/www.visital.no\/wp-content\/uploads\/2026\/09\/vb07736.webp\" \/>\n\t<meta property=\"og:image:width\" content=\"1200\" \/>\n\t<meta property=\"og:image:height\" content=\"801\" \/>\n\t<meta property=\"og:image:type\" content=\"image\/jpeg\" \/>\n<meta name=\"author\" content=\"Emilie Valderhaug\" \/>\n<meta name=\"twitter:card\" content=\"summary_large_image\" \/>\n<meta name=\"twitter:label1\" content=\"Written by\" \/>\n\t<meta name=\"twitter:data1\" content=\"Emilie Valderhaug\" \/>\n\t<meta name=\"twitter:label2\" content=\"Est. reading time\" \/>\n\t<meta name=\"twitter:data2\" content=\"4 minutes\" \/>\n<script type=\"application\/ld+json\" class=\"yoast-schema-graph\">{\"@context\":\"https:\\\/\\\/schema.org\",\"@graph\":[{\"@type\":\"Article\",\"@id\":\"https:\\\/\\\/www.visital.no\\\/aktuelt\\\/opplev-ekte-stolsliv-og-tradisjonsmat-i-fjellet\\\/#article\",\"isPartOf\":{\"@id\":\"https:\\\/\\\/www.visital.no\\\/aktuelt\\\/opplev-ekte-stolsliv-og-tradisjonsmat-i-fjellet\\\/\"},\"author\":{\"name\":\"Emilie Valderhaug\",\"@id\":\"https:\\\/\\\/www.visital.no\\\/#\\\/schema\\\/person\\\/852e2864ef98b7d93d3b043d22f2ba1e\"},\"headline\":\"Opplev ekte st\u00f8lsliv og tradisjonsmat i fjellet\",\"datePublished\":\"2026-08-01T14:09:21+00:00\",\"dateModified\":\"2026-09-01T14:12:44+00:00\",\"mainEntityOfPage\":{\"@id\":\"https:\\\/\\\/www.visital.no\\\/aktuelt\\\/opplev-ekte-stolsliv-og-tradisjonsmat-i-fjellet\\\/\"},\"wordCount\":610,\"publisher\":{\"@id\":\"https:\\\/\\\/www.visital.no\\\/#organization\"},\"image\":{\"@id\":\"https:\\\/\\\/www.visital.no\\\/aktuelt\\\/opplev-ekte-stolsliv-og-tradisjonsmat-i-fjellet\\\/#primaryimage\"},\"thumbnailUrl\":\"https:\\\/\\\/www.visital.no\\\/wp-content\\\/uploads\\\/2026\\\/09\\\/vb07736.webp\",\"articleSection\":[\"Aktuelt\"],\"inLanguage\":\"de-DE\"},{\"@type\":\"WebPage\",\"@id\":\"https:\\\/\\\/www.visital.no\\\/aktuelt\\\/opplev-ekte-stolsliv-og-tradisjonsmat-i-fjellet\\\/\",\"url\":\"https:\\\/\\\/www.visital.no\\\/aktuelt\\\/opplev-ekte-stolsliv-og-tradisjonsmat-i-fjellet\\\/\",\"name\":\"Opplev ekte st\u00f8lsliv og tradisjonsmat i fjellet - Visit \u00c5l\",\"isPartOf\":{\"@id\":\"https:\\\/\\\/www.visital.no\\\/#website\"},\"primaryImageOfPage\":{\"@id\":\"https:\\\/\\\/www.visital.no\\\/aktuelt\\\/opplev-ekte-stolsliv-og-tradisjonsmat-i-fjellet\\\/#primaryimage\"},\"image\":{\"@id\":\"https:\\\/\\\/www.visital.no\\\/aktuelt\\\/opplev-ekte-stolsliv-og-tradisjonsmat-i-fjellet\\\/#primaryimage\"},\"thumbnailUrl\":\"https:\\\/\\\/www.visital.no\\\/wp-content\\\/uploads\\\/2026\\\/09\\\/vb07736.webp\",\"datePublished\":\"2026-08-01T14:09:21+00:00\",\"dateModified\":\"2026-09-01T14:12:44+00:00\",\"breadcrumb\":{\"@id\":\"https:\\\/\\\/www.visital.no\\\/aktuelt\\\/opplev-ekte-stolsliv-og-tradisjonsmat-i-fjellet\\\/#breadcrumb\"},\"inLanguage\":\"de-DE\",\"potentialAction\":[{\"@type\":\"ReadAction\",\"target\":[\"https:\\\/\\\/www.visital.no\\\/aktuelt\\\/opplev-ekte-stolsliv-og-tradisjonsmat-i-fjellet\\\/\"]}]},{\"@type\":\"ImageObject\",\"inLanguage\":\"de-DE\",\"@id\":\"https:\\\/\\\/www.visital.no\\\/aktuelt\\\/opplev-ekte-stolsliv-og-tradisjonsmat-i-fjellet\\\/#primaryimage\",\"url\":\"https:\\\/\\\/www.visital.no\\\/wp-content\\\/uploads\\\/2026\\\/09\\\/vb07736.webp\",\"contentUrl\":\"https:\\\/\\\/www.visital.no\\\/wp-content\\\/uploads\\\/2026\\\/09\\\/vb07736.webp\",\"width\":1200,\"height\":801,\"caption\":\"Bilde fra Fagerdalen St\u00f8l\"},{\"@type\":\"BreadcrumbList\",\"@id\":\"https:\\\/\\\/www.visital.no\\\/aktuelt\\\/opplev-ekte-stolsliv-og-tradisjonsmat-i-fjellet\\\/#breadcrumb\",\"itemListElement\":[{\"@type\":\"ListItem\",\"position\":1,\"name\":\"Home\",\"item\":\"https:\\\/\\\/www.visital.no\\\/\"},{\"@type\":\"ListItem\",\"position\":2,\"name\":\"Opplev ekte st\u00f8lsliv og tradisjonsmat i fjellet\"}]},{\"@type\":\"WebSite\",\"@id\":\"https:\\\/\\\/www.visital.no\\\/#website\",\"url\":\"https:\\\/\\\/www.visital.no\\\/\",\"name\":\"Visit \u00c5l\",\"description\":\"\",\"publisher\":{\"@id\":\"https:\\\/\\\/www.visital.no\\\/#organization\"},\"potentialAction\":[{\"@type\":\"SearchAction\",\"target\":{\"@type\":\"EntryPoint\",\"urlTemplate\":\"https:\\\/\\\/www.visital.no\\\/?s={search_term_string}\"},\"query-input\":{\"@type\":\"PropertyValueSpecification\",\"valueRequired\":true,\"valueName\":\"search_term_string\"}}],\"inLanguage\":\"de-DE\"},{\"@type\":\"Organization\",\"@id\":\"https:\\\/\\\/www.visital.no\\\/#organization\",\"name\":\"Visit \u00c5l\",\"url\":\"https:\\\/\\\/www.visital.no\\\/\",\"logo\":{\"@type\":\"ImageObject\",\"inLanguage\":\"de-DE\",\"@id\":\"https:\\\/\\\/www.visital.no\\\/#\\\/schema\\\/logo\\\/image\\\/\",\"url\":\"https:\\\/\\\/www.visital.no\\\/wp-content\\\/uploads\\\/2024\\\/11\\\/al-i-hallingdal-logo.svg\",\"contentUrl\":\"https:\\\/\\\/www.visital.no\\\/wp-content\\\/uploads\\\/2024\\\/11\\\/al-i-hallingdal-logo.svg\",\"width\":258,\"height\":100,\"caption\":\"Visit \u00c5l\"},\"image\":{\"@id\":\"https:\\\/\\\/www.visital.no\\\/#\\\/schema\\\/logo\\\/image\\\/\"},\"sameAs\":[\"https:\\\/\\\/facebook.com\\\/visitalihallingdal\\\/\",\"https:\\\/\\\/instagram.com\\\/visitalihallingdal\\\/\",\"https:\\\/\\\/youtube.com\\\/user\\\/alutvikling\"]},{\"@type\":\"Person\",\"@id\":\"https:\\\/\\\/www.visital.no\\\/#\\\/schema\\\/person\\\/852e2864ef98b7d93d3b043d22f2ba1e\",\"name\":\"Emilie Valderhaug\",\"image\":{\"@type\":\"ImageObject\",\"inLanguage\":\"de-DE\",\"@id\":\"https:\\\/\\\/secure.gravatar.com\\\/avatar\\\/3c736e702a67ae030dfc83ee0f108680e09ef3f067b451dabbf9993a4f840938?s=96&d=mm&r=g\",\"url\":\"https:\\\/\\\/secure.gravatar.com\\\/avatar\\\/3c736e702a67ae030dfc83ee0f108680e09ef3f067b451dabbf9993a4f840938?s=96&d=mm&r=g\",\"contentUrl\":\"https:\\\/\\\/secure.gravatar.com\\\/avatar\\\/3c736e702a67ae030dfc83ee0f108680e09ef3f067b451dabbf9993a4f840938?s=96&d=mm&r=g\",\"caption\":\"Emilie Valderhaug\"},\"sameAs\":[\"http:\\\/\\\/visital.no\"]}]}<\/script>","yoast_head_json":{"title":"Opplev ekte st\u00f8lsliv og tradisjonsmat i fjellet - Visit \u00c5l","robots":{"index":"index","follow":"follow","max-snippet":"max-snippet:-1","max-image-preview":"max-image-preview:large","max-video-preview":"max-video-preview:-1"},"canonical":"https:\/\/www.visital.no\/de\/aktuelt\/opplev-ekte-stolsliv-og-tradisjonsmat-i-fjellet\/","og_locale":"de_DE","og_type":"article","og_title":"Opplev ekte st\u00f8lsliv og tradisjonsmat i fjellet - Visit \u00c5l","og_description":"St\u00f8lskulturen h\u00f8rer ikke bare fortiden til. I \u00c5l og fjellomr\u00e5dene rundt finnes det fortsatt steder der kyr beiter i fjellet, melk foredles til tradisjonelle st\u00f8lsprodukter og gammel kunnskap holdes levende gjennom praktisk arbeid. P\u00e5 Fagerdalen St\u00f8l, Tormodset og ved Iungsdalshytta kan du oppleve tre ulike sider av den samme tradisjonen.","og_url":"https:\/\/www.visital.no\/de\/aktuelt\/opplev-ekte-stolsliv-og-tradisjonsmat-i-fjellet\/","og_site_name":"Visit \u00c5l","article_publisher":"https:\/\/facebook.com\/visitalihallingdal\/","article_published_time":"2026-08-01T14:09:21+00:00","article_modified_time":"2026-09-01T14:12:44+00:00","og_image":[{"width":1200,"height":801,"url":"https:\/\/www.visital.no\/wp-content\/uploads\/2026\/09\/vb07736.webp","type":"image\/jpeg"}],"author":"Emilie Valderhaug","twitter_card":"summary_large_image","twitter_misc":{"Written by":"Emilie Valderhaug","Est. reading time":"4 minutes"},"schema":{"@context":"https:\/\/schema.org","@graph":[{"@type":"Article","@id":"https:\/\/www.visital.no\/aktuelt\/opplev-ekte-stolsliv-og-tradisjonsmat-i-fjellet\/#article","isPartOf":{"@id":"https:\/\/www.visital.no\/aktuelt\/opplev-ekte-stolsliv-og-tradisjonsmat-i-fjellet\/"},"author":{"name":"Emilie Valderhaug","@id":"https:\/\/www.visital.no\/#\/schema\/person\/852e2864ef98b7d93d3b043d22f2ba1e"},"headline":"Opplev ekte st\u00f8lsliv og tradisjonsmat i fjellet","datePublished":"2026-08-01T14:09:21+00:00","dateModified":"2026-09-01T14:12:44+00:00","mainEntityOfPage":{"@id":"https:\/\/www.visital.no\/aktuelt\/opplev-ekte-stolsliv-og-tradisjonsmat-i-fjellet\/"},"wordCount":610,"publisher":{"@id":"https:\/\/www.visital.no\/#organization"},"image":{"@id":"https:\/\/www.visital.no\/aktuelt\/opplev-ekte-stolsliv-og-tradisjonsmat-i-fjellet\/#primaryimage"},"thumbnailUrl":"https:\/\/www.visital.no\/wp-content\/uploads\/2026\/09\/vb07736.webp","articleSection":["Aktuelt"],"inLanguage":"de-DE"},{"@type":"WebPage","@id":"https:\/\/www.visital.no\/aktuelt\/opplev-ekte-stolsliv-og-tradisjonsmat-i-fjellet\/","url":"https:\/\/www.visital.no\/aktuelt\/opplev-ekte-stolsliv-og-tradisjonsmat-i-fjellet\/","name":"Opplev ekte st\u00f8lsliv og tradisjonsmat i fjellet - Visit \u00c5l","isPartOf":{"@id":"https:\/\/www.visital.no\/#website"},"primaryImageOfPage":{"@id":"https:\/\/www.visital.no\/aktuelt\/opplev-ekte-stolsliv-og-tradisjonsmat-i-fjellet\/#primaryimage"},"image":{"@id":"https:\/\/www.visital.no\/aktuelt\/opplev-ekte-stolsliv-og-tradisjonsmat-i-fjellet\/#primaryimage"},"thumbnailUrl":"https:\/\/www.visital.no\/wp-content\/uploads\/2026\/09\/vb07736.webp","datePublished":"2026-08-01T14:09:21+00:00","dateModified":"2026-09-01T14:12:44+00:00","breadcrumb":{"@id":"https:\/\/www.visital.no\/aktuelt\/opplev-ekte-stolsliv-og-tradisjonsmat-i-fjellet\/#breadcrumb"},"inLanguage":"de-DE","potentialAction":[{"@type":"ReadAction","target":["https:\/\/www.visital.no\/aktuelt\/opplev-ekte-stolsliv-og-tradisjonsmat-i-fjellet\/"]}]},{"@type":"ImageObject","inLanguage":"de-DE","@id":"https:\/\/www.visital.no\/aktuelt\/opplev-ekte-stolsliv-og-tradisjonsmat-i-fjellet\/#primaryimage","url":"https:\/\/www.visital.no\/wp-content\/uploads\/2026\/09\/vb07736.webp","contentUrl":"https:\/\/www.visital.no\/wp-content\/uploads\/2026\/09\/vb07736.webp","width":1200,"height":801,"caption":"Bilde fra Fagerdalen St\u00f8l"},{"@type":"BreadcrumbList","@id":"https:\/\/www.visital.no\/aktuelt\/opplev-ekte-stolsliv-og-tradisjonsmat-i-fjellet\/#breadcrumb","itemListElement":[{"@type":"ListItem","position":1,"name":"Home","item":"https:\/\/www.visital.no\/"},{"@type":"ListItem","position":2,"name":"Opplev ekte st\u00f8lsliv og tradisjonsmat i fjellet"}]},{"@type":"WebSite","@id":"https:\/\/www.visital.no\/#website","url":"https:\/\/www.visital.no\/","name":"Besuchen Sie \u00c5l","description":"","publisher":{"@id":"https:\/\/www.visital.no\/#organization"},"potentialAction":[{"@type":"SearchAction","target":{"@type":"EntryPoint","urlTemplate":"https:\/\/www.visital.no\/?s={search_term_string}"},"query-input":{"@type":"PropertyValueSpecification","valueRequired":true,"valueName":"search_term_string"}}],"inLanguage":"de-DE"},{"@type":"Organization","@id":"https:\/\/www.visital.no\/#organization","name":"Besuchen Sie \u00c5l","url":"https:\/\/www.visital.no\/","logo":{"@type":"ImageObject","inLanguage":"de-DE","@id":"https:\/\/www.visital.no\/#\/schema\/logo\/image\/","url":"https:\/\/www.visital.no\/wp-content\/uploads\/2024\/11\/al-i-hallingdal-logo.svg","contentUrl":"https:\/\/www.visital.no\/wp-content\/uploads\/2024\/11\/al-i-hallingdal-logo.svg","width":258,"height":100,"caption":"Visit \u00c5l"},"image":{"@id":"https:\/\/www.visital.no\/#\/schema\/logo\/image\/"},"sameAs":["https:\/\/facebook.com\/visitalihallingdal\/","https:\/\/instagram.com\/visitalihallingdal\/","https:\/\/youtube.com\/user\/alutvikling"]},{"@type":"Person","@id":"https:\/\/www.visital.no\/#\/schema\/person\/852e2864ef98b7d93d3b043d22f2ba1e","name":"Emilie Valderhaug","image":{"@type":"ImageObject","inLanguage":"de-DE","@id":"https:\/\/secure.gravatar.com\/avatar\/3c736e702a67ae030dfc83ee0f108680e09ef3f067b451dabbf9993a4f840938?s=96&d=mm&r=g","url":"https:\/\/secure.gravatar.com\/avatar\/3c736e702a67ae030dfc83ee0f108680e09ef3f067b451dabbf9993a4f840938?s=96&d=mm&r=g","contentUrl":"https:\/\/secure.gravatar.com\/avatar\/3c736e702a67ae030dfc83ee0f108680e09ef3f067b451dabbf9993a4f840938?s=96&d=mm&r=g","caption":"Emilie Valderhaug"},"sameAs":["http:\/\/visital.no"]}]}},"_links":{"self":[{"href":"https:\/\/www.visital.no\/de\/wp-json\/wp\/v2\/posts\/6526","targetHints":{"allow":["GET"]}}],"collection":[{"href":"https:\/\/www.visital.no\/de\/wp-json\/wp\/v2\/posts"}],"about":[{"href":"https:\/\/www.visital.no\/de\/wp-json\/wp\/v2\/types\/post"}],"author":[{"embeddable":true,"href":"https:\/\/www.visital.no\/de\/wp-json\/wp\/v2\/users\/3"}],"replies":[{"embeddable":true,"href":"https:\/\/www.visital.no\/de\/wp-json\/wp\/v2\/comments?post=6526"}],"version-history":[{"count":6,"href":"https:\/\/www.visital.no\/de\/wp-json\/wp\/v2\/posts\/6526\/revisions"}],"predecessor-version":[{"id":6536,"href":"https:\/\/www.visital.no\/de\/wp-json\/wp\/v2\/posts\/6526\/revisions\/6536"}],"wp:featuredmedia":[{"embeddable":true,"href":"https:\/\/www.visital.no\/de\/wp-json\/wp\/v2\/media\/6529"}],"wp:attachment":[{"href":"https:\/\/www.visital.no\/de\/wp-json\/wp\/v2\/media?parent=6526"}],"wp:term":[{"taxonomy":"category","embeddable":true,"href":"https:\/\/www.visital.no\/de\/wp-json\/wp\/v2\/categories?post=6526"},{"taxonomy":"post_tag","embeddable":true,"href":"https:\/\/www.visital.no\/de\/wp-json\/wp\/v2\/tags?post=6526"}],"curies":[{"name":"WordPress","href":"https:\/\/api.w.org\/{rel}","templated":true}]}}