{"id":5110,"date":"2026-03-17T13:46:45","date_gmt":"2026-03-17T12:46:45","guid":{"rendered":"https:\/\/www.visital.no\/?p=5110"},"modified":"2026-03-28T20:29:15","modified_gmt":"2026-03-28T19:29:15","slug":"paskeskituren-til-stoler-og-kiosker","status":"publish","type":"post","link":"https:\/\/www.visital.no\/de\/aktuelt\/paskeskituren-til-stoler-og-kiosker\/","title":{"rendered":"Diese Almh\u00fctten und Kioske haben \u00fcber Ostern ge\u00f6ffnet"},"content":{"rendered":"<div data-elementor-type=\"wp-post\" data-elementor-id=\"5110\" class=\"elementor elementor-5110\" data-elementor-post-type=\"post\">\n\t\t\t\t<div class=\"elementor-element elementor-element-54930f8 elementor-hidden-tablet elementor-hidden-mobile e-flex e-con-boxed e-con e-parent\" data-id=\"54930f8\" data-element_type=\"container\" data-e-type=\"container\">\n\t\t\t\t\t<div class=\"e-con-inner\">\n\t\t<div class=\"elementor-element elementor-element-2e0a2ff e-grid e-con-full e-con e-child\" data-id=\"2e0a2ff\" data-element_type=\"container\" data-e-type=\"container\">\n\t\t\t\t<div class=\"elementor-element elementor-element-0c10114 elementor-widget elementor-widget-image\" data-id=\"0c10114\" data-element_type=\"widget\" data-e-type=\"widget\" data-widget_type=\"image.default\">\n\t\t\t\t<div class=\"elementor-widget-container\">\n\t\t\t\t\t\t\t\t\t\t\t\t\t\t\t<img fetchpriority=\"high\" decoding=\"async\" width=\"2158\" height=\"1582\" src=\"https:\/\/www.visital.no\/wp-content\/uploads\/2026\/03\/screenshot-2026-03-17-at-134512.webp\" class=\"attachment-full size-full wp-image-5138\" alt=\"Rabusrenn p\u00e5 Gaurhovd\" srcset=\"https:\/\/www.visital.no\/wp-content\/uploads\/2026\/03\/screenshot-2026-03-17-at-134512.webp 2158w, https:\/\/www.visital.no\/wp-content\/uploads\/2026\/03\/screenshot-2026-03-17-at-134512-300x220.webp 300w, https:\/\/www.visital.no\/wp-content\/uploads\/2026\/03\/screenshot-2026-03-17-at-134512-1024x751.webp 1024w, https:\/\/www.visital.no\/wp-content\/uploads\/2026\/03\/screenshot-2026-03-17-at-134512-768x563.webp 768w, https:\/\/www.visital.no\/wp-content\/uploads\/2026\/03\/screenshot-2026-03-17-at-134512-1536x1126.webp 1536w, https:\/\/www.visital.no\/wp-content\/uploads\/2026\/03\/screenshot-2026-03-17-at-134512-2048x1501.webp 2048w, https:\/\/www.visital.no\/wp-content\/uploads\/2026\/03\/screenshot-2026-03-17-at-134512-16x12.webp 16w\" sizes=\"(max-width: 2158px) 100vw, 2158px\" \/>\t\t\t\t\t\t\t\t\t\t\t\t\t\t\t<\/div>\n\t\t\t\t<\/div>\n\t\t\t\t<div class=\"elementor-element elementor-element-62c32c6 elementor-hidden-tablet elementor-hidden-mobile elementor-widget elementor-widget-image\" data-id=\"62c32c6\" data-element_type=\"widget\" data-e-type=\"widget\" data-widget_type=\"image.default\">\n\t\t\t\t<div class=\"elementor-widget-container\">\n\t\t\t\t\t\t\t\t\t\t\t\t\t\t\t<img decoding=\"async\" width=\"800\" height=\"587\" src=\"https:\/\/www.visital.no\/wp-content\/uploads\/2026\/03\/screenshot-2026-03-17-at-133032-1024x751.webp\" class=\"attachment-large size-large wp-image-5133\" alt=\"\" srcset=\"https:\/\/www.visital.no\/wp-content\/uploads\/2026\/03\/screenshot-2026-03-17-at-133032-1024x751.webp 1024w, https:\/\/www.visital.no\/wp-content\/uploads\/2026\/03\/screenshot-2026-03-17-at-133032-300x220.webp 300w, https:\/\/www.visital.no\/wp-content\/uploads\/2026\/03\/screenshot-2026-03-17-at-133032-768x563.webp 768w, https:\/\/www.visital.no\/wp-content\/uploads\/2026\/03\/screenshot-2026-03-17-at-133032-1536x1126.webp 1536w, https:\/\/www.visital.no\/wp-content\/uploads\/2026\/03\/screenshot-2026-03-17-at-133032-2048x1501.webp 2048w, https:\/\/www.visital.no\/wp-content\/uploads\/2026\/03\/screenshot-2026-03-17-at-133032-16x12.webp 16w\" sizes=\"(max-width: 800px) 100vw, 800px\" \/>\t\t\t\t\t\t\t\t\t\t\t\t\t\t\t<\/div>\n\t\t\t\t<\/div>\n\t\t\t\t<\/div>\n\t\t<div class=\"elementor-element elementor-element-704eac5 e-grid e-con-full e-con e-child\" data-id=\"704eac5\" data-element_type=\"container\" data-e-type=\"container\">\n\t\t\t\t<div class=\"elementor-element elementor-element-d52793b elementor-widget elementor-widget-text-editor\" data-id=\"d52793b\" data-element_type=\"widget\" data-e-type=\"widget\" data-widget_type=\"text-editor.default\">\n\t\t\t\t<div class=\"elementor-widget-container\">\n\t\t\t\t\t\t\t\t\t<h2 data-section-id=\"17uij7o\" data-start=\"644\" data-end=\"661\">Gaurhovd Kiosk<\/h2>\n<p><strong>Offen<\/strong> 28. M\u00e4rz - 6. April 11:00 - 16:00 Uhr<\/p>\n<p data-start=\"663\" data-end=\"1033\">Gaurhovd ist f\u00fcr viele zu Ostern ein Favorit, besonders f\u00fcr Familien und f\u00fcr diejenigen, die eine erschwingliche Skitour machen m\u00f6chten. Der Aufstieg von der Winterparkfl\u00e4che in \u00d8knin ist flach und familienfreundlich und kann gut mit einer Runde weiter in Richtung Buhovd kombiniert werden, bevor Sie zur\u00fcckgehen.\u00a0<\/p>\n<p data-start=\"663\" data-end=\"1033\">Am Gr\u00fcndonnerstag, dem 2. April, veranstalten wir ein R\u00e4tselrennen f\u00fcr die ganze Familie. Das R\u00e4tselrennen beginnt um 12:00 Uhr und die Hauptpreisverleihung findet um 14:00 Uhr statt. Es gibt Preise f\u00fcr die drei Besten und alle Teilnehmer nehmen an einer Verlosung teil. Dies ist ein sch\u00f6ner Tag, um Ihre Skitour hierher zu legen, wenn Sie unterwegs etwas zus\u00e4tzliche Aktivit\u00e4t w\u00fcnschen.<\/p>\t\t\t\t\t\t\t\t<\/div>\n\t\t\t\t<\/div>\n\t\t\t\t<div class=\"elementor-element elementor-element-db126de elementor-widget elementor-widget-text-editor\" data-id=\"db126de\" data-element_type=\"widget\" data-e-type=\"widget\" data-widget_type=\"text-editor.default\">\n\t\t\t\t<div class=\"elementor-widget-container\">\n\t\t\t\t\t\t\t\t\t<h2 data-section-id=\"17uij7o\" data-start=\"644\" data-end=\"661\">Pfortensatz<\/h2>\n<p><strong>Offen<\/strong> 29. M\u00e4rz - 6. April 11:30 - 15:39 Uhr<\/p>\n<p data-start=\"663\" data-end=\"1033\">Tormodset liegt auf dem Votndals\u00e5sen, etwa 950 Meter \u00fcber dem Meeresspiegel. Hier wird weiterhin traditionelle Almwirtschaft betrieben, und die Alm ist bekannt f\u00fcr ihre guten Almprodukte. Dies ist wirklich ein wundersch\u00f6nes Ausflugsziel zu Ostern. Die Alm ist mit dem Loipennetz auf dem Votndals\u00e5sen verbunden und ist f\u00fcr viele zu einer Ostertradition geworden.\u00a0<\/p>\n<p data-start=\"663\" data-end=\"1033\">Am Karfreitag, dem 3. April, veranstalten sie ein Kinderskirennen f\u00fcr Kinder und Jugendliche von 0 bis 15 Jahren. Die Anmeldung erfolgt am Kiosk ab 11:30 Uhr, und der Start ist gegen 12:30 Uhr. Alle Teilnehmer erhalten eine Pr\u00e4mie und ein Diplom. Dies macht Tormodset an diesem Tag zu einem besonders sch\u00f6nen Ausflugsziel f\u00fcr Familien mit Kindern.<\/p>\t\t\t\t\t\t\t\t<\/div>\n\t\t\t\t<\/div>\n\t\t\t\t<\/div>\n\t\t<div class=\"elementor-element elementor-element-77ce5f7 e-grid e-con-full e-con e-child\" data-id=\"77ce5f7\" data-element_type=\"container\" data-e-type=\"container\">\n\t\t\t\t<div class=\"elementor-element elementor-element-adbafa4 elementor-widget elementor-widget-image\" data-id=\"adbafa4\" data-element_type=\"widget\" data-e-type=\"widget\" data-widget_type=\"image.default\">\n\t\t\t\t<div class=\"elementor-widget-container\">\n\t\t\t\t\t\t\t\t\t\t\t\t\t\t\t<img decoding=\"async\" width=\"800\" height=\"587\" src=\"https:\/\/www.visital.no\/wp-content\/uploads\/2026\/03\/screenshot-2026-03-17-at-134320-1024x751.webp\" class=\"attachment-large size-large wp-image-5137\" alt=\"Fjellski inn til Iungdalshytta i \u00c5l\" srcset=\"https:\/\/www.visital.no\/wp-content\/uploads\/2026\/03\/screenshot-2026-03-17-at-134320-1024x751.webp 1024w, https:\/\/www.visital.no\/wp-content\/uploads\/2026\/03\/screenshot-2026-03-17-at-134320-300x220.webp 300w, https:\/\/www.visital.no\/wp-content\/uploads\/2026\/03\/screenshot-2026-03-17-at-134320-768x563.webp 768w, https:\/\/www.visital.no\/wp-content\/uploads\/2026\/03\/screenshot-2026-03-17-at-134320-1536x1126.webp 1536w, https:\/\/www.visital.no\/wp-content\/uploads\/2026\/03\/screenshot-2026-03-17-at-134320-2048x1501.webp 2048w, https:\/\/www.visital.no\/wp-content\/uploads\/2026\/03\/screenshot-2026-03-17-at-134320-16x12.webp 16w\" sizes=\"(max-width: 800px) 100vw, 800px\" \/>\t\t\t\t\t\t\t\t\t\t\t\t\t\t\t<\/div>\n\t\t\t\t<\/div>\n\t\t\t\t<div class=\"elementor-element elementor-element-1aedc42 elementor-hidden-tablet elementor-hidden-mobile elementor-widget elementor-widget-image\" data-id=\"1aedc42\" data-element_type=\"widget\" data-e-type=\"widget\" data-widget_type=\"image.default\">\n\t\t\t\t<div class=\"elementor-widget-container\">\n\t\t\t\t\t\t\t\t\t\t\t\t\t\t\t<img loading=\"lazy\" decoding=\"async\" width=\"800\" height=\"587\" src=\"https:\/\/www.visital.no\/wp-content\/uploads\/2026\/03\/screenshot-2026-03-17-at-134214-1024x751.webp\" class=\"attachment-large size-large wp-image-5136\" alt=\"\" srcset=\"https:\/\/www.visital.no\/wp-content\/uploads\/2026\/03\/screenshot-2026-03-17-at-134214-1024x751.webp 1024w, https:\/\/www.visital.no\/wp-content\/uploads\/2026\/03\/screenshot-2026-03-17-at-134214-300x220.webp 300w, https:\/\/www.visital.no\/wp-content\/uploads\/2026\/03\/screenshot-2026-03-17-at-134214-768x563.webp 768w, https:\/\/www.visital.no\/wp-content\/uploads\/2026\/03\/screenshot-2026-03-17-at-134214-1536x1126.webp 1536w, https:\/\/www.visital.no\/wp-content\/uploads\/2026\/03\/screenshot-2026-03-17-at-134214-2048x1501.webp 2048w, https:\/\/www.visital.no\/wp-content\/uploads\/2026\/03\/screenshot-2026-03-17-at-134214-16x12.webp 16w\" sizes=\"(max-width: 800px) 100vw, 800px\" \/>\t\t\t\t\t\t\t\t\t\t\t\t\t\t\t<\/div>\n\t\t\t\t<\/div>\n\t\t\t\t<\/div>\n\t\t<div class=\"elementor-element elementor-element-efe1555 e-grid e-con-full e-con e-child\" data-id=\"efe1555\" data-element_type=\"container\" data-e-type=\"container\">\n\t\t\t\t<div class=\"elementor-element elementor-element-8053c57 elementor-widget elementor-widget-text-editor\" data-id=\"8053c57\" data-element_type=\"widget\" data-e-type=\"widget\" data-widget_type=\"text-editor.default\">\n\t\t\t\t<div class=\"elementor-widget-container\">\n\t\t\t\t\t\t\t\t\t<h2 data-section-id=\"17uij7o\" data-start=\"644\" data-end=\"661\">Iungdalshytta<\/h2>\n<p><strong>Mittagessen serviert:<\/strong> 28. M\u00e4rz - 6. April 11:00 - 17:00 Uhr<\/p>\n<p data-start=\"663\" data-end=\"1033\">Iungsdalshytta ist ein fantastisches Wanderziel f\u00fcr diejenigen unter Ihnen, die eine l\u00e4ngere Osterwanderung im Hochgebirge unternehmen m\u00f6chten. Wir empfehlen, die Tour von R\u00f8dungst\u00f8len oder Bergsj\u00f8st\u00f8len aus zu starten, beide bieten \u00dcbernachtungsm\u00f6glichkeiten. Von hier aus geht die Tour \u00fcber offenes Gebirgsgel\u00e4nde am Fu\u00dfe des Reineskarvet entlang. Um das Beste aus Ihrem Aufenthalt hier zu machen, empfehlen wir, eine oder zwei \u00dcbernachtungen einzuplanen. <br \/><br \/>Sie servieren k\u00f6stliche lokale und nachhaltige Speisen in der H\u00fctte, und f\u00fcr viele ist diese Tour zu einem Muss f\u00fcr Ostern in den Bergen geworden.<\/p>\n<p data-start=\"663\" data-end=\"1033\">F\u00fcr diejenigen unter Ihnen, die die H\u00fctte erleben m\u00f6chten, aber die lange Skitour dorthin nicht antreten wollen, bietet die Iungsdalshytta einen Abholservice von Myrland und R\u00f8dungst\u00f8len an.<\/p>\t\t\t\t\t\t\t\t<\/div>\n\t\t\t\t<\/div>\n\t\t\t\t<div class=\"elementor-element elementor-element-df0924b elementor-widget elementor-widget-text-editor\" data-id=\"df0924b\" data-element_type=\"widget\" data-e-type=\"widget\" data-widget_type=\"text-editor.default\">\n\t\t\t\t<div class=\"elementor-widget-container\">\n\t\t\t\t\t\t\t\t\t<h2 data-section-id=\"17uij7o\" data-start=\"644\" data-end=\"661\">Fagerdalen St\u00f8l<\/h2>\n<p><strong>Offen<\/strong> 29. M\u00e4rz - 5. April 11:30 - 15:39 Uhr<\/p>\n<p data-start=\"2623\" data-end=\"2933\">Fagerdalen ist ein gutes Ausflugsziel f\u00fcr alle, die eine Skitour mit einer Essenspause als Hauptpunkt w\u00fcnschen. Die Alm liegt zwischen Bergsj\u00f8 und Hovet, und von Bergsj\u00f8 aus ist die Strecke dorthin etwa 8,5 Kilometer einfach mit Skiern zur\u00fcckzulegen. Hier werden traditionelle Speisen wie R\u00f8mmegr\u00f8t (nach alter Art zubereitet), Suppe, Kvikaku, Gommokaku, Ystilbr\u00f8d sowie warme und kalte Getr\u00e4nke serviert. Das Almambiente ist das eigentliche Erlebnis.<\/p>\n<p data-start=\"2623\" data-end=\"2933\">Hier erleben Sie eine echte Alm-Atmosph\u00e4re, und es ist eine gro\u00dfartige Tour f\u00fcr diejenigen unter Ihnen, die eine etwas l\u00e4ngere Skitour w\u00fcnschen.<\/p>\t\t\t\t\t\t\t\t<\/div>\n\t\t\t\t<\/div>\n\t\t\t\t<\/div>\n\t\t<div class=\"elementor-element elementor-element-b24a76c e-grid e-con-full e-con e-child\" data-id=\"b24a76c\" data-element_type=\"container\" data-e-type=\"container\">\n\t\t\t\t<div class=\"elementor-element elementor-element-00b0760 elementor-widget elementor-widget-image\" data-id=\"00b0760\" data-element_type=\"widget\" data-e-type=\"widget\" data-widget_type=\"image.default\">\n\t\t\t\t<div class=\"elementor-widget-container\">\n\t\t\t\t\t\t\t\t\t\t\t\t\t\t\t<img loading=\"lazy\" decoding=\"async\" width=\"800\" height=\"587\" src=\"https:\/\/www.visital.no\/wp-content\/uploads\/2026\/03\/screenshot-2026-03-17-at-133201-1024x751.webp\" class=\"attachment-large size-large wp-image-5134\" alt=\"Reinekiosken i \u00c5l\" srcset=\"https:\/\/www.visital.no\/wp-content\/uploads\/2026\/03\/screenshot-2026-03-17-at-133201-1024x751.webp 1024w, https:\/\/www.visital.no\/wp-content\/uploads\/2026\/03\/screenshot-2026-03-17-at-133201-300x220.webp 300w, https:\/\/www.visital.no\/wp-content\/uploads\/2026\/03\/screenshot-2026-03-17-at-133201-768x563.webp 768w, https:\/\/www.visital.no\/wp-content\/uploads\/2026\/03\/screenshot-2026-03-17-at-133201-1536x1126.webp 1536w, https:\/\/www.visital.no\/wp-content\/uploads\/2026\/03\/screenshot-2026-03-17-at-133201-2048x1501.webp 2048w, https:\/\/www.visital.no\/wp-content\/uploads\/2026\/03\/screenshot-2026-03-17-at-133201-16x12.webp 16w\" sizes=\"(max-width: 800px) 100vw, 800px\" \/>\t\t\t\t\t\t\t\t\t\t\t\t\t\t\t<\/div>\n\t\t\t\t<\/div>\n\t\t\t\t<div class=\"elementor-element elementor-element-ebdbc53 elementor-hidden-tablet elementor-hidden-mobile elementor-widget elementor-widget-image\" data-id=\"ebdbc53\" data-element_type=\"widget\" data-e-type=\"widget\" data-widget_type=\"image.default\">\n\t\t\t\t<div class=\"elementor-widget-container\">\n\t\t\t\t\t\t\t\t\t\t\t\t\t\t\t<img loading=\"lazy\" decoding=\"async\" width=\"800\" height=\"587\" src=\"https:\/\/www.visital.no\/wp-content\/uploads\/2026\/03\/screenshot-2026-03-17-at-134047-1024x751.webp\" class=\"attachment-large size-large wp-image-5135\" alt=\"Langst\u00f8len Kiosk i Syningen Fjellpark i Torpo\" srcset=\"https:\/\/www.visital.no\/wp-content\/uploads\/2026\/03\/screenshot-2026-03-17-at-134047-1024x751.webp 1024w, https:\/\/www.visital.no\/wp-content\/uploads\/2026\/03\/screenshot-2026-03-17-at-134047-300x220.webp 300w, https:\/\/www.visital.no\/wp-content\/uploads\/2026\/03\/screenshot-2026-03-17-at-134047-768x563.webp 768w, https:\/\/www.visital.no\/wp-content\/uploads\/2026\/03\/screenshot-2026-03-17-at-134047-1536x1126.webp 1536w, https:\/\/www.visital.no\/wp-content\/uploads\/2026\/03\/screenshot-2026-03-17-at-134047-2048x1501.webp 2048w, https:\/\/www.visital.no\/wp-content\/uploads\/2026\/03\/screenshot-2026-03-17-at-134047-16x12.webp 16w\" sizes=\"(max-width: 800px) 100vw, 800px\" \/>\t\t\t\t\t\t\t\t\t\t\t\t\t\t\t<\/div>\n\t\t\t\t<\/div>\n\t\t\t\t<\/div>\n\t\t<div class=\"elementor-element elementor-element-1e206fc e-grid e-con-full e-con e-child\" data-id=\"1e206fc\" data-element_type=\"container\" data-e-type=\"container\">\n\t\t\t\t<div class=\"elementor-element elementor-element-3fec68a elementor-widget elementor-widget-text-editor\" data-id=\"3fec68a\" data-element_type=\"widget\" data-e-type=\"widget\" data-widget_type=\"text-editor.default\">\n\t\t\t\t<div class=\"elementor-widget-container\">\n\t\t\t\t\t\t\t\t\t<h2 data-section-id=\"13ssdgu\" data-start=\"3100\" data-end=\"3115\">Reinekioske<\/h2>\n<p><strong>Offen<\/strong> 28. M\u00e4rz - 5. April 11:00 - 16:00 Uhr<\/p>\n<p data-start=\"663\" data-end=\"1033\">Reinekiosken ist ein klassisches Ziel f\u00fcr die Oster-Skitour im Bergsj\u00f8-Gebiet. Der nat\u00fcrliche Ausgangspunkt ist Bergsj\u00f8st\u00f8len, wo auch \u00dcbernachtungsm\u00f6glichkeiten angeboten werden. Von hier aus k\u00f6nnen Sie die Reinel\u00f8ypa nach Reine und weiter in Richtung Hesthovdst\u00f8len gehen, bevor Sie zur\u00fcckkehren. Die Rundtour betr\u00e4gt etwa 12 Kilometer und f\u00fchrt durch sch\u00f6nes Bergterrain unterhalb des Reineskarvet.<\/p>\t\t\t\t\t\t\t\t<\/div>\n\t\t\t\t<\/div>\n\t\t\t\t<div class=\"elementor-element elementor-element-c2234e2 elementor-widget elementor-widget-text-editor\" data-id=\"c2234e2\" data-element_type=\"widget\" data-e-type=\"widget\" data-widget_type=\"text-editor.default\">\n\t\t\t\t<div class=\"elementor-widget-container\">\n\t\t\t\t\t\t\t\t\t<h2 data-section-id=\"17uij7o\" data-start=\"644\" data-end=\"661\">Langst\u00f8len Kiosk<\/h2>\n<p><strong>Offen<\/strong> 29. M\u00e4rz - 6. April 11:00-16:00 Uhr<\/p>\n<p data-start=\"2623\" data-end=\"2933\">Langst\u00f8len eignet sich besonders gut f\u00fcr Familien mit Kindern und andere, die ein erschwingliches und angenehmes Ausflugsziel suchen. Langst\u00f8len ist ein lebendiges Almgebiet mitten in den Bergen mit einfacher Bewirtung von lokalen Spezialit\u00e4ten, Backwaren und Getr\u00e4nken. Hier k\u00f6nnen Sie echte Almstimmung mit frischer Bergluft, frisch gebackenen Waffeln, Kvikklunsj und Solo genie\u00dfen.\u00a0<\/p>\t\t\t\t\t\t\t\t<\/div>\n\t\t\t\t<\/div>\n\t\t\t\t<\/div>\n\t\t\t\t\t<\/div>\n\t\t\t\t<\/div>\n\t\t<div class=\"elementor-element elementor-element-d1e41f5 elementor-hidden-desktop e-flex e-con-boxed e-con e-parent\" data-id=\"d1e41f5\" data-element_type=\"container\" data-e-type=\"container\">\n\t\t\t\t\t<div class=\"e-con-inner\">\n\t\t\t\t<div class=\"elementor-element elementor-element-f1d470d elementor-widget elementor-widget-image\" data-id=\"f1d470d\" data-element_type=\"widget\" data-e-type=\"widget\" data-widget_type=\"image.default\">\n\t\t\t\t<div class=\"elementor-widget-container\">\n\t\t\t\t\t\t\t\t\t\t\t\t\t\t\t<img fetchpriority=\"high\" decoding=\"async\" width=\"2158\" height=\"1582\" src=\"https:\/\/www.visital.no\/wp-content\/uploads\/2026\/03\/screenshot-2026-03-17-at-134512.webp\" class=\"attachment-full size-full wp-image-5138\" alt=\"Rabusrenn p\u00e5 Gaurhovd\" srcset=\"https:\/\/www.visital.no\/wp-content\/uploads\/2026\/03\/screenshot-2026-03-17-at-134512.webp 2158w, https:\/\/www.visital.no\/wp-content\/uploads\/2026\/03\/screenshot-2026-03-17-at-134512-300x220.webp 300w, https:\/\/www.visital.no\/wp-content\/uploads\/2026\/03\/screenshot-2026-03-17-at-134512-1024x751.webp 1024w, https:\/\/www.visital.no\/wp-content\/uploads\/2026\/03\/screenshot-2026-03-17-at-134512-768x563.webp 768w, https:\/\/www.visital.no\/wp-content\/uploads\/2026\/03\/screenshot-2026-03-17-at-134512-1536x1126.webp 1536w, https:\/\/www.visital.no\/wp-content\/uploads\/2026\/03\/screenshot-2026-03-17-at-134512-2048x1501.webp 2048w, https:\/\/www.visital.no\/wp-content\/uploads\/2026\/03\/screenshot-2026-03-17-at-134512-16x12.webp 16w\" sizes=\"(max-width: 2158px) 100vw, 2158px\" \/>\t\t\t\t\t\t\t\t\t\t\t\t\t\t\t<\/div>\n\t\t\t\t<\/div>\n\t\t\t\t<div class=\"elementor-element elementor-element-57bd00c elementor-widget elementor-widget-text-editor\" data-id=\"57bd00c\" data-element_type=\"widget\" data-e-type=\"widget\" data-widget_type=\"text-editor.default\">\n\t\t\t\t<div class=\"elementor-widget-container\">\n\t\t\t\t\t\t\t\t\t<h2 data-section-id=\"17uij7o\" data-start=\"644\" data-end=\"661\">Gaurhovd Kiosk<\/h2>\n<p><strong>Offen<\/strong> 28. M\u00e4rz - 6. April 11:00 - 16:00 Uhr<\/p>\n<p data-start=\"663\" data-end=\"1033\">Gaurhovd ist f\u00fcr viele zu Ostern ein Favorit, besonders f\u00fcr Familien und f\u00fcr diejenigen, die eine erschwingliche Skitour machen m\u00f6chten. Der Aufstieg von der Winterparkfl\u00e4che in \u00d8knin ist flach und familienfreundlich und kann gut mit einer Runde weiter in Richtung Buhovd kombiniert werden, bevor Sie zur\u00fcckgehen.\u00a0<\/p>\n<p data-start=\"663\" data-end=\"1033\">Am Gr\u00fcndonnerstag, dem 2. April, veranstalten wir ein R\u00e4tselrennen f\u00fcr die ganze Familie. Das R\u00e4tselrennen beginnt um 12:00 Uhr und die Hauptpreisverleihung findet um 14:00 Uhr statt. Es gibt Preise f\u00fcr die drei Besten und alle Teilnehmer nehmen an einer Verlosung teil. Dies ist ein sch\u00f6ner Tag, um Ihre Skitour hierher zu legen, wenn Sie unterwegs etwas zus\u00e4tzliche Aktivit\u00e4t w\u00fcnschen.<\/p>\t\t\t\t\t\t\t\t<\/div>\n\t\t\t\t<\/div>\n\t\t\t\t<div class=\"elementor-element elementor-element-3c90bfb elementor-widget elementor-widget-image\" data-id=\"3c90bfb\" data-element_type=\"widget\" data-e-type=\"widget\" data-widget_type=\"image.default\">\n\t\t\t\t<div class=\"elementor-widget-container\">\n\t\t\t\t\t\t\t\t\t\t\t\t\t\t\t<img decoding=\"async\" width=\"800\" height=\"587\" src=\"https:\/\/www.visital.no\/wp-content\/uploads\/2026\/03\/screenshot-2026-03-17-at-133032-1024x751.webp\" class=\"attachment-large size-large wp-image-5133\" alt=\"\" srcset=\"https:\/\/www.visital.no\/wp-content\/uploads\/2026\/03\/screenshot-2026-03-17-at-133032-1024x751.webp 1024w, https:\/\/www.visital.no\/wp-content\/uploads\/2026\/03\/screenshot-2026-03-17-at-133032-300x220.webp 300w, https:\/\/www.visital.no\/wp-content\/uploads\/2026\/03\/screenshot-2026-03-17-at-133032-768x563.webp 768w, https:\/\/www.visital.no\/wp-content\/uploads\/2026\/03\/screenshot-2026-03-17-at-133032-1536x1126.webp 1536w, https:\/\/www.visital.no\/wp-content\/uploads\/2026\/03\/screenshot-2026-03-17-at-133032-2048x1501.webp 2048w, https:\/\/www.visital.no\/wp-content\/uploads\/2026\/03\/screenshot-2026-03-17-at-133032-16x12.webp 16w\" sizes=\"(max-width: 800px) 100vw, 800px\" \/>\t\t\t\t\t\t\t\t\t\t\t\t\t\t\t<\/div>\n\t\t\t\t<\/div>\n\t\t\t\t<div class=\"elementor-element elementor-element-d3d6702 elementor-widget elementor-widget-text-editor\" data-id=\"d3d6702\" data-element_type=\"widget\" data-e-type=\"widget\" data-widget_type=\"text-editor.default\">\n\t\t\t\t<div class=\"elementor-widget-container\">\n\t\t\t\t\t\t\t\t\t<h2 data-section-id=\"17uij7o\" data-start=\"644\" data-end=\"661\">Pfortensatz<\/h2>\n<p><strong>Offen<\/strong> 29. M\u00e4rz - 6. April 11:30 - 15:39 Uhr<\/p>\n<p data-start=\"663\" data-end=\"1033\">Tormodset liegt auf dem Votndals\u00e5sen, etwa 950 Meter \u00fcber dem Meeresspiegel. Hier wird weiterhin traditionelle Almwirtschaft betrieben, und die Alm ist bekannt f\u00fcr ihre guten Almprodukte. Dies ist wirklich ein wundersch\u00f6nes Ausflugsziel zu Ostern. Die Alm ist mit dem Loipennetz auf dem Votndals\u00e5sen verbunden und ist f\u00fcr viele zu einer Ostertradition geworden.\u00a0<\/p>\n<p data-start=\"663\" data-end=\"1033\">Am Karfreitag, dem 3. April, veranstalten sie ein Kinderskirennen f\u00fcr Kinder und Jugendliche von 0 bis 15 Jahren. Die Anmeldung erfolgt am Kiosk ab 11:30 Uhr, und der Start ist gegen 12:30 Uhr. Alle Teilnehmer erhalten eine Pr\u00e4mie und ein Diplom. Dies macht Tormodset an diesem Tag zu einem besonders sch\u00f6nen Ausflugsziel f\u00fcr Familien mit Kindern.<\/p>\t\t\t\t\t\t\t\t<\/div>\n\t\t\t\t<\/div>\n\t\t\t\t<div class=\"elementor-element elementor-element-0fc9c57 elementor-widget elementor-widget-image\" data-id=\"0fc9c57\" data-element_type=\"widget\" data-e-type=\"widget\" data-widget_type=\"image.default\">\n\t\t\t\t<div class=\"elementor-widget-container\">\n\t\t\t\t\t\t\t\t\t\t\t\t\t\t\t<img decoding=\"async\" width=\"800\" height=\"587\" src=\"https:\/\/www.visital.no\/wp-content\/uploads\/2026\/03\/screenshot-2026-03-17-at-134320-1024x751.webp\" class=\"attachment-large size-large wp-image-5137\" alt=\"Fjellski inn til Iungdalshytta i \u00c5l\" srcset=\"https:\/\/www.visital.no\/wp-content\/uploads\/2026\/03\/screenshot-2026-03-17-at-134320-1024x751.webp 1024w, https:\/\/www.visital.no\/wp-content\/uploads\/2026\/03\/screenshot-2026-03-17-at-134320-300x220.webp 300w, https:\/\/www.visital.no\/wp-content\/uploads\/2026\/03\/screenshot-2026-03-17-at-134320-768x563.webp 768w, https:\/\/www.visital.no\/wp-content\/uploads\/2026\/03\/screenshot-2026-03-17-at-134320-1536x1126.webp 1536w, https:\/\/www.visital.no\/wp-content\/uploads\/2026\/03\/screenshot-2026-03-17-at-134320-2048x1501.webp 2048w, https:\/\/www.visital.no\/wp-content\/uploads\/2026\/03\/screenshot-2026-03-17-at-134320-16x12.webp 16w\" sizes=\"(max-width: 800px) 100vw, 800px\" \/>\t\t\t\t\t\t\t\t\t\t\t\t\t\t\t<\/div>\n\t\t\t\t<\/div>\n\t\t\t\t<div class=\"elementor-element elementor-element-61f58c8 elementor-widget elementor-widget-text-editor\" data-id=\"61f58c8\" data-element_type=\"widget\" data-e-type=\"widget\" data-widget_type=\"text-editor.default\">\n\t\t\t\t<div class=\"elementor-widget-container\">\n\t\t\t\t\t\t\t\t\t<h2 data-section-id=\"17uij7o\" data-start=\"644\" data-end=\"661\">Iungdalshytta<\/h2>\n<p><strong>Mittagessen serviert:<\/strong> 28. M\u00e4rz - 6. April 11:00 - 17:00 Uhr<\/p>\n<p data-start=\"663\" data-end=\"1033\">Iungsdalshytta ist ein fantastisches Wanderziel f\u00fcr diejenigen unter Ihnen, die eine l\u00e4ngere Osterwanderung im Hochgebirge unternehmen m\u00f6chten. Wir empfehlen, die Tour von R\u00f8dungst\u00f8len oder Bergsj\u00f8st\u00f8len aus zu starten, beide bieten \u00dcbernachtungsm\u00f6glichkeiten. Von hier aus geht die Tour \u00fcber offenes Gebirgsgel\u00e4nde am Fu\u00dfe des Reineskarvet entlang. Um das Beste aus Ihrem Aufenthalt hier zu machen, empfehlen wir, eine oder zwei \u00dcbernachtungen einzuplanen. <br \/><br \/>Sie servieren k\u00f6stliche lokale und nachhaltige Speisen in der H\u00fctte, und f\u00fcr viele ist diese Tour zu einem Muss f\u00fcr Ostern in den Bergen geworden.<\/p>\n<p data-start=\"663\" data-end=\"1033\">F\u00fcr diejenigen unter Ihnen, die die H\u00fctte erleben m\u00f6chten, aber die lange Skitour dorthin nicht antreten wollen, bietet die Iungsdalshytta einen Abholservice von Myrland und R\u00f8dungst\u00f8len an.<\/p>\t\t\t\t\t\t\t\t<\/div>\n\t\t\t\t<\/div>\n\t\t\t\t<div class=\"elementor-element elementor-element-07632cd elementor-widget elementor-widget-image\" data-id=\"07632cd\" data-element_type=\"widget\" data-e-type=\"widget\" data-widget_type=\"image.default\">\n\t\t\t\t<div class=\"elementor-widget-container\">\n\t\t\t\t\t\t\t\t\t\t\t\t\t\t\t<img loading=\"lazy\" decoding=\"async\" width=\"800\" height=\"587\" src=\"https:\/\/www.visital.no\/wp-content\/uploads\/2026\/03\/screenshot-2026-03-17-at-134214-1024x751.webp\" class=\"attachment-large size-large wp-image-5136\" alt=\"\" srcset=\"https:\/\/www.visital.no\/wp-content\/uploads\/2026\/03\/screenshot-2026-03-17-at-134214-1024x751.webp 1024w, https:\/\/www.visital.no\/wp-content\/uploads\/2026\/03\/screenshot-2026-03-17-at-134214-300x220.webp 300w, https:\/\/www.visital.no\/wp-content\/uploads\/2026\/03\/screenshot-2026-03-17-at-134214-768x563.webp 768w, https:\/\/www.visital.no\/wp-content\/uploads\/2026\/03\/screenshot-2026-03-17-at-134214-1536x1126.webp 1536w, https:\/\/www.visital.no\/wp-content\/uploads\/2026\/03\/screenshot-2026-03-17-at-134214-2048x1501.webp 2048w, https:\/\/www.visital.no\/wp-content\/uploads\/2026\/03\/screenshot-2026-03-17-at-134214-16x12.webp 16w\" sizes=\"(max-width: 800px) 100vw, 800px\" \/>\t\t\t\t\t\t\t\t\t\t\t\t\t\t\t<\/div>\n\t\t\t\t<\/div>\n\t\t\t\t<div class=\"elementor-element elementor-element-172101d elementor-widget elementor-widget-text-editor\" data-id=\"172101d\" data-element_type=\"widget\" data-e-type=\"widget\" data-widget_type=\"text-editor.default\">\n\t\t\t\t<div class=\"elementor-widget-container\">\n\t\t\t\t\t\t\t\t\t<h2 data-section-id=\"17uij7o\" data-start=\"644\" data-end=\"661\">Fagerdalen St\u00f8l<\/h2>\n<p><strong>Offen<\/strong> 29. M\u00e4rz - 5. April 11:30 - 15:39 Uhr<\/p>\n<p data-start=\"2623\" data-end=\"2933\">Fagerdalen ist ein gutes Ausflugsziel f\u00fcr alle, die eine Skitour mit einer Essenspause als Hauptpunkt w\u00fcnschen. Die Alm liegt zwischen Bergsj\u00f8 und Hovet, und von Bergsj\u00f8 aus ist die Strecke dorthin etwa 8,5 Kilometer einfach mit Skiern zur\u00fcckzulegen. Hier werden traditionelle Speisen wie R\u00f8mmegr\u00f8t (nach alter Art zubereitet), Suppe, Kvikaku, Gommokaku, Ystilbr\u00f8d sowie warme und kalte Getr\u00e4nke serviert. Das Almambiente ist das eigentliche Erlebnis.<\/p>\n<p data-start=\"2623\" data-end=\"2933\">Hier erleben Sie eine echte Alm-Atmosph\u00e4re, und es ist eine gro\u00dfartige Tour f\u00fcr diejenigen unter Ihnen, die eine etwas l\u00e4ngere Skitour w\u00fcnschen.<\/p>\t\t\t\t\t\t\t\t<\/div>\n\t\t\t\t<\/div>\n\t\t\t\t<div class=\"elementor-element elementor-element-859ac2c elementor-widget elementor-widget-image\" data-id=\"859ac2c\" data-element_type=\"widget\" data-e-type=\"widget\" data-widget_type=\"image.default\">\n\t\t\t\t<div class=\"elementor-widget-container\">\n\t\t\t\t\t\t\t\t\t\t\t\t\t\t\t<img loading=\"lazy\" decoding=\"async\" width=\"800\" height=\"587\" src=\"https:\/\/www.visital.no\/wp-content\/uploads\/2026\/03\/screenshot-2026-03-17-at-133201-1024x751.webp\" class=\"attachment-large size-large wp-image-5134\" alt=\"Reinekiosken i \u00c5l\" srcset=\"https:\/\/www.visital.no\/wp-content\/uploads\/2026\/03\/screenshot-2026-03-17-at-133201-1024x751.webp 1024w, https:\/\/www.visital.no\/wp-content\/uploads\/2026\/03\/screenshot-2026-03-17-at-133201-300x220.webp 300w, https:\/\/www.visital.no\/wp-content\/uploads\/2026\/03\/screenshot-2026-03-17-at-133201-768x563.webp 768w, https:\/\/www.visital.no\/wp-content\/uploads\/2026\/03\/screenshot-2026-03-17-at-133201-1536x1126.webp 1536w, https:\/\/www.visital.no\/wp-content\/uploads\/2026\/03\/screenshot-2026-03-17-at-133201-2048x1501.webp 2048w, https:\/\/www.visital.no\/wp-content\/uploads\/2026\/03\/screenshot-2026-03-17-at-133201-16x12.webp 16w\" sizes=\"(max-width: 800px) 100vw, 800px\" \/>\t\t\t\t\t\t\t\t\t\t\t\t\t\t\t<\/div>\n\t\t\t\t<\/div>\n\t\t\t\t<div class=\"elementor-element elementor-element-72e212c elementor-widget elementor-widget-text-editor\" data-id=\"72e212c\" data-element_type=\"widget\" data-e-type=\"widget\" data-widget_type=\"text-editor.default\">\n\t\t\t\t<div class=\"elementor-widget-container\">\n\t\t\t\t\t\t\t\t\t<h2 data-section-id=\"13ssdgu\" data-start=\"3100\" data-end=\"3115\">Reinekioske<\/h2>\n<p><strong>Offen<\/strong> 28. M\u00e4rz - 5. April 11:00 - 16:00 Uhr<\/p>\n<p data-start=\"663\" data-end=\"1033\">Reinekiosken ist ein klassisches Ziel f\u00fcr die Oster-Skitour im Bergsj\u00f8-Gebiet. Der nat\u00fcrliche Ausgangspunkt ist Bergsj\u00f8st\u00f8len, wo auch \u00dcbernachtungsm\u00f6glichkeiten angeboten werden. Von hier aus k\u00f6nnen Sie die Reinel\u00f8ypa nach Reine und weiter in Richtung Hesthovdst\u00f8len gehen, bevor Sie zur\u00fcckkehren. Die Rundtour betr\u00e4gt etwa 12 Kilometer und f\u00fchrt durch sch\u00f6nes Bergterrain unterhalb des Reineskarvet.<\/p>\t\t\t\t\t\t\t\t<\/div>\n\t\t\t\t<\/div>\n\t\t\t\t<div class=\"elementor-element elementor-element-a2df279 elementor-widget elementor-widget-image\" data-id=\"a2df279\" data-element_type=\"widget\" data-e-type=\"widget\" data-widget_type=\"image.default\">\n\t\t\t\t<div class=\"elementor-widget-container\">\n\t\t\t\t\t\t\t\t\t\t\t\t\t\t\t<img loading=\"lazy\" decoding=\"async\" width=\"800\" height=\"587\" src=\"https:\/\/www.visital.no\/wp-content\/uploads\/2026\/03\/screenshot-2026-03-17-at-134047-1024x751.webp\" class=\"attachment-large size-large wp-image-5135\" alt=\"Langst\u00f8len Kiosk i Syningen Fjellpark i Torpo\" srcset=\"https:\/\/www.visital.no\/wp-content\/uploads\/2026\/03\/screenshot-2026-03-17-at-134047-1024x751.webp 1024w, https:\/\/www.visital.no\/wp-content\/uploads\/2026\/03\/screenshot-2026-03-17-at-134047-300x220.webp 300w, https:\/\/www.visital.no\/wp-content\/uploads\/2026\/03\/screenshot-2026-03-17-at-134047-768x563.webp 768w, https:\/\/www.visital.no\/wp-content\/uploads\/2026\/03\/screenshot-2026-03-17-at-134047-1536x1126.webp 1536w, https:\/\/www.visital.no\/wp-content\/uploads\/2026\/03\/screenshot-2026-03-17-at-134047-2048x1501.webp 2048w, https:\/\/www.visital.no\/wp-content\/uploads\/2026\/03\/screenshot-2026-03-17-at-134047-16x12.webp 16w\" sizes=\"(max-width: 800px) 100vw, 800px\" \/>\t\t\t\t\t\t\t\t\t\t\t\t\t\t\t<\/div>\n\t\t\t\t<\/div>\n\t\t\t\t<div class=\"elementor-element elementor-element-f4b245a elementor-widget elementor-widget-text-editor\" data-id=\"f4b245a\" data-element_type=\"widget\" data-e-type=\"widget\" data-widget_type=\"text-editor.default\">\n\t\t\t\t<div class=\"elementor-widget-container\">\n\t\t\t\t\t\t\t\t\t<h2 data-section-id=\"17uij7o\" data-start=\"644\" data-end=\"661\">Langst\u00f8len Kiosk<\/h2>\n<p><strong>Offen<\/strong> 29. M\u00e4rz - 6. April 11:00-16:00 Uhr<\/p>\n<p data-start=\"2623\" data-end=\"2933\">Langst\u00f8len eignet sich besonders gut f\u00fcr Familien mit Kindern und andere, die ein erschwingliches und angenehmes Ausflugsziel suchen. Langst\u00f8len ist ein lebendiges Almgebiet mitten in den Bergen mit einfacher Bewirtung von lokalen Spezialit\u00e4ten, Backwaren und Getr\u00e4nken. Hier k\u00f6nnen Sie echte Almstimmung mit frischer Bergluft, frisch gebackenen Waffeln, Kvikklunsj und Solo genie\u00dfen.\u00a0<\/p>\t\t\t\t\t\t\t\t<\/div>\n\t\t\t\t<\/div>\n\t\t\t\t\t<\/div>\n\t\t\t\t<\/div>\n\t\t\t\t<\/div>","protected":false},"excerpt":{"rendered":"<p>In \u00c5l finden Sie mehrere gem\u00fctliche H\u00fctten und Bergkioske, die an Ostern ge\u00f6ffnet sind. Hier erwartet Sie alles von Solo, Kvikk Lunsj, Waffeln, Gommokaku und traditionellem Essen. Es gibt wenige Dinge, die mehr Osterstimmung vermitteln als eine Skitour zu einer offenen Bergh\u00fctte.<\/p>","protected":false},"author":3,"featured_media":5130,"comment_status":"closed","ping_status":"closed","sticky":false,"template":"","format":"standard","meta":{"_acf_changed":false,"footnotes":""},"categories":[68],"tags":[],"class_list":["post-5110","post","type-post","status-publish","format-standard","has-post-thumbnail","hentry","category-aktuelt"],"acf":[],"yoast_head":"<title>Disse st\u00f8lene &amp; kioskene holder \u00e5pent i p\u00e5ska - Visit \u00c5l<\/title>\n<meta name=\"robots\" content=\"index, follow, max-snippet:-1, max-image-preview:large, max-video-preview:-1\" \/>\n<link rel=\"canonical\" href=\"https:\/\/www.visital.no\/de\/aktuelt\/paskeskituren-til-stoler-og-kiosker\/\" \/>\n<meta property=\"og:locale\" content=\"de_DE\" \/>\n<meta property=\"og:type\" content=\"article\" \/>\n<meta property=\"og:title\" content=\"Tips til p\u00e5skeskituren\" \/>\n<meta property=\"og:description\" content=\"I \u00c5l har vi en rekke koselige st\u00f8ler og fjellkiosker som holder \u00e5pen p\u00e5sken. Her kan du f\u00e5 servert alt fra vafler til gommokaku, Solo, Kvikk Lunsj, r\u00f8mmegr\u00f8t og annen tradisjonsmat.\" \/>\n<meta property=\"og:url\" content=\"https:\/\/www.visital.no\/de\/aktuelt\/paskeskituren-til-stoler-og-kiosker\/\" \/>\n<meta property=\"og:site_name\" content=\"Visit \u00c5l\" \/>\n<meta property=\"article:publisher\" content=\"https:\/\/facebook.com\/visitalihallingdal\/\" \/>\n<meta property=\"article:published_time\" content=\"2026-03-17T12:46:45+00:00\" \/>\n<meta property=\"article:modified_time\" content=\"2026-03-28T19:29:15+00:00\" \/>\n<meta property=\"og:image\" content=\"https:\/\/www.visital.no\/wp-content\/uploads\/2026\/03\/stoler-holder-apent-1.webp\" \/>\n\t<meta property=\"og:image:width\" content=\"1080\" \/>\n\t<meta property=\"og:image:height\" content=\"565\" \/>\n\t<meta property=\"og:image:type\" content=\"image\/png\" \/>\n<meta name=\"author\" content=\"Emilie Valderhaug\" \/>\n<meta name=\"twitter:card\" content=\"summary_large_image\" \/>\n<meta name=\"twitter:label1\" content=\"Written by\" \/>\n\t<meta name=\"twitter:data1\" content=\"Emilie Valderhaug\" \/>\n\t<meta name=\"twitter:label2\" content=\"Est. reading time\" \/>\n\t<meta name=\"twitter:data2\" content=\"9 minutes\" \/>\n<script type=\"application\/ld+json\" class=\"yoast-schema-graph\">{\"@context\":\"https:\\\/\\\/schema.org\",\"@graph\":[{\"@type\":\"Article\",\"@id\":\"https:\\\/\\\/www.visital.no\\\/aktuelt\\\/paskeskituren-til-stoler-og-kiosker\\\/#article\",\"isPartOf\":{\"@id\":\"https:\\\/\\\/www.visital.no\\\/aktuelt\\\/paskeskituren-til-stoler-og-kiosker\\\/\"},\"author\":{\"name\":\"Emilie Valderhaug\",\"@id\":\"https:\\\/\\\/www.visital.no\\\/#\\\/schema\\\/person\\\/852e2864ef98b7d93d3b043d22f2ba1e\"},\"headline\":\"Disse st\u00f8lene &amp; kioskene holder \u00e5pent i p\u00e5ska\",\"datePublished\":\"2026-03-17T12:46:45+00:00\",\"dateModified\":\"2026-03-28T19:29:15+00:00\",\"mainEntityOfPage\":{\"@id\":\"https:\\\/\\\/www.visital.no\\\/aktuelt\\\/paskeskituren-til-stoler-og-kiosker\\\/\"},\"wordCount\":1112,\"publisher\":{\"@id\":\"https:\\\/\\\/www.visital.no\\\/#organization\"},\"image\":{\"@id\":\"https:\\\/\\\/www.visital.no\\\/aktuelt\\\/paskeskituren-til-stoler-og-kiosker\\\/#primaryimage\"},\"thumbnailUrl\":\"https:\\\/\\\/www.visital.no\\\/wp-content\\\/uploads\\\/2026\\\/03\\\/r513222-scaled.webp\",\"articleSection\":[\"Aktuelt\"],\"inLanguage\":\"de-DE\"},{\"@type\":\"WebPage\",\"@id\":\"https:\\\/\\\/www.visital.no\\\/aktuelt\\\/paskeskituren-til-stoler-og-kiosker\\\/\",\"url\":\"https:\\\/\\\/www.visital.no\\\/aktuelt\\\/paskeskituren-til-stoler-og-kiosker\\\/\",\"name\":\"Disse st\u00f8lene &amp; kioskene holder \u00e5pent i p\u00e5ska - Visit \u00c5l\",\"isPartOf\":{\"@id\":\"https:\\\/\\\/www.visital.no\\\/#website\"},\"primaryImageOfPage\":{\"@id\":\"https:\\\/\\\/www.visital.no\\\/aktuelt\\\/paskeskituren-til-stoler-og-kiosker\\\/#primaryimage\"},\"image\":{\"@id\":\"https:\\\/\\\/www.visital.no\\\/aktuelt\\\/paskeskituren-til-stoler-og-kiosker\\\/#primaryimage\"},\"thumbnailUrl\":\"https:\\\/\\\/www.visital.no\\\/wp-content\\\/uploads\\\/2026\\\/03\\\/r513222-scaled.webp\",\"datePublished\":\"2026-03-17T12:46:45+00:00\",\"dateModified\":\"2026-03-28T19:29:15+00:00\",\"breadcrumb\":{\"@id\":\"https:\\\/\\\/www.visital.no\\\/aktuelt\\\/paskeskituren-til-stoler-og-kiosker\\\/#breadcrumb\"},\"inLanguage\":\"de-DE\",\"potentialAction\":[{\"@type\":\"ReadAction\",\"target\":[\"https:\\\/\\\/www.visital.no\\\/aktuelt\\\/paskeskituren-til-stoler-og-kiosker\\\/\"]}]},{\"@type\":\"ImageObject\",\"inLanguage\":\"de-DE\",\"@id\":\"https:\\\/\\\/www.visital.no\\\/aktuelt\\\/paskeskituren-til-stoler-og-kiosker\\\/#primaryimage\",\"url\":\"https:\\\/\\\/www.visital.no\\\/wp-content\\\/uploads\\\/2026\\\/03\\\/r513222-scaled.webp\",\"contentUrl\":\"https:\\\/\\\/www.visital.no\\\/wp-content\\\/uploads\\\/2026\\\/03\\\/r513222-scaled.webp\",\"width\":2560,\"height\":1708,\"caption\":\"Skitur fra Skarslia i \u00c5l\"},{\"@type\":\"BreadcrumbList\",\"@id\":\"https:\\\/\\\/www.visital.no\\\/aktuelt\\\/paskeskituren-til-stoler-og-kiosker\\\/#breadcrumb\",\"itemListElement\":[{\"@type\":\"ListItem\",\"position\":1,\"name\":\"Home\",\"item\":\"https:\\\/\\\/www.visital.no\\\/\"},{\"@type\":\"ListItem\",\"position\":2,\"name\":\"Disse st\u00f8lene &amp; kioskene holder \u00e5pent i p\u00e5ska\"}]},{\"@type\":\"WebSite\",\"@id\":\"https:\\\/\\\/www.visital.no\\\/#website\",\"url\":\"https:\\\/\\\/www.visital.no\\\/\",\"name\":\"Visit \u00c5l\",\"description\":\"\",\"publisher\":{\"@id\":\"https:\\\/\\\/www.visital.no\\\/#organization\"},\"potentialAction\":[{\"@type\":\"SearchAction\",\"target\":{\"@type\":\"EntryPoint\",\"urlTemplate\":\"https:\\\/\\\/www.visital.no\\\/?s={search_term_string}\"},\"query-input\":{\"@type\":\"PropertyValueSpecification\",\"valueRequired\":true,\"valueName\":\"search_term_string\"}}],\"inLanguage\":\"de-DE\"},{\"@type\":\"Organization\",\"@id\":\"https:\\\/\\\/www.visital.no\\\/#organization\",\"name\":\"Visit \u00c5l\",\"url\":\"https:\\\/\\\/www.visital.no\\\/\",\"logo\":{\"@type\":\"ImageObject\",\"inLanguage\":\"de-DE\",\"@id\":\"https:\\\/\\\/www.visital.no\\\/#\\\/schema\\\/logo\\\/image\\\/\",\"url\":\"https:\\\/\\\/www.visital.no\\\/wp-content\\\/uploads\\\/2024\\\/11\\\/al-i-hallingdal-logo.svg\",\"contentUrl\":\"https:\\\/\\\/www.visital.no\\\/wp-content\\\/uploads\\\/2024\\\/11\\\/al-i-hallingdal-logo.svg\",\"width\":258,\"height\":100,\"caption\":\"Visit \u00c5l\"},\"image\":{\"@id\":\"https:\\\/\\\/www.visital.no\\\/#\\\/schema\\\/logo\\\/image\\\/\"},\"sameAs\":[\"https:\\\/\\\/facebook.com\\\/visitalihallingdal\\\/\",\"https:\\\/\\\/instagram.com\\\/visitalihallingdal\\\/\",\"https:\\\/\\\/youtube.com\\\/user\\\/alutvikling\"]},{\"@type\":\"Person\",\"@id\":\"https:\\\/\\\/www.visital.no\\\/#\\\/schema\\\/person\\\/852e2864ef98b7d93d3b043d22f2ba1e\",\"name\":\"Emilie Valderhaug\",\"image\":{\"@type\":\"ImageObject\",\"inLanguage\":\"de-DE\",\"@id\":\"https:\\\/\\\/secure.gravatar.com\\\/avatar\\\/3c736e702a67ae030dfc83ee0f108680e09ef3f067b451dabbf9993a4f840938?s=96&d=mm&r=g\",\"url\":\"https:\\\/\\\/secure.gravatar.com\\\/avatar\\\/3c736e702a67ae030dfc83ee0f108680e09ef3f067b451dabbf9993a4f840938?s=96&d=mm&r=g\",\"contentUrl\":\"https:\\\/\\\/secure.gravatar.com\\\/avatar\\\/3c736e702a67ae030dfc83ee0f108680e09ef3f067b451dabbf9993a4f840938?s=96&d=mm&r=g\",\"caption\":\"Emilie Valderhaug\"},\"sameAs\":[\"http:\\\/\\\/visital.no\"]}]}<\/script>","yoast_head_json":{"title":"Disse st\u00f8lene &amp; kioskene holder \u00e5pent i p\u00e5ska - Visit \u00c5l","robots":{"index":"index","follow":"follow","max-snippet":"max-snippet:-1","max-image-preview":"max-image-preview:large","max-video-preview":"max-video-preview:-1"},"canonical":"https:\/\/www.visital.no\/de\/aktuelt\/paskeskituren-til-stoler-og-kiosker\/","og_locale":"de_DE","og_type":"article","og_title":"Tips til p\u00e5skeskituren","og_description":"I \u00c5l har vi en rekke koselige st\u00f8ler og fjellkiosker som holder \u00e5pen p\u00e5sken. Her kan du f\u00e5 servert alt fra vafler til gommokaku, Solo, Kvikk Lunsj, r\u00f8mmegr\u00f8t og annen tradisjonsmat.","og_url":"https:\/\/www.visital.no\/de\/aktuelt\/paskeskituren-til-stoler-og-kiosker\/","og_site_name":"Visit \u00c5l","article_publisher":"https:\/\/facebook.com\/visitalihallingdal\/","article_published_time":"2026-03-17T12:46:45+00:00","article_modified_time":"2026-03-28T19:29:15+00:00","og_image":[{"width":1080,"height":565,"url":"https:\/\/www.visital.no\/wp-content\/uploads\/2026\/03\/stoler-holder-apent-1.webp","type":"image\/png"}],"author":"Emilie Valderhaug","twitter_card":"summary_large_image","twitter_misc":{"Written by":"Emilie Valderhaug","Est. reading time":"9 minutes"},"schema":{"@context":"https:\/\/schema.org","@graph":[{"@type":"Article","@id":"https:\/\/www.visital.no\/aktuelt\/paskeskituren-til-stoler-og-kiosker\/#article","isPartOf":{"@id":"https:\/\/www.visital.no\/aktuelt\/paskeskituren-til-stoler-og-kiosker\/"},"author":{"name":"Emilie Valderhaug","@id":"https:\/\/www.visital.no\/#\/schema\/person\/852e2864ef98b7d93d3b043d22f2ba1e"},"headline":"Disse st\u00f8lene &amp; kioskene holder \u00e5pent i p\u00e5ska","datePublished":"2026-03-17T12:46:45+00:00","dateModified":"2026-03-28T19:29:15+00:00","mainEntityOfPage":{"@id":"https:\/\/www.visital.no\/aktuelt\/paskeskituren-til-stoler-og-kiosker\/"},"wordCount":1112,"publisher":{"@id":"https:\/\/www.visital.no\/#organization"},"image":{"@id":"https:\/\/www.visital.no\/aktuelt\/paskeskituren-til-stoler-og-kiosker\/#primaryimage"},"thumbnailUrl":"https:\/\/www.visital.no\/wp-content\/uploads\/2026\/03\/r513222-scaled.webp","articleSection":["Aktuelt"],"inLanguage":"de-DE"},{"@type":"WebPage","@id":"https:\/\/www.visital.no\/aktuelt\/paskeskituren-til-stoler-og-kiosker\/","url":"https:\/\/www.visital.no\/aktuelt\/paskeskituren-til-stoler-og-kiosker\/","name":"Disse st\u00f8lene &amp; kioskene holder \u00e5pent i p\u00e5ska - Visit \u00c5l","isPartOf":{"@id":"https:\/\/www.visital.no\/#website"},"primaryImageOfPage":{"@id":"https:\/\/www.visital.no\/aktuelt\/paskeskituren-til-stoler-og-kiosker\/#primaryimage"},"image":{"@id":"https:\/\/www.visital.no\/aktuelt\/paskeskituren-til-stoler-og-kiosker\/#primaryimage"},"thumbnailUrl":"https:\/\/www.visital.no\/wp-content\/uploads\/2026\/03\/r513222-scaled.webp","datePublished":"2026-03-17T12:46:45+00:00","dateModified":"2026-03-28T19:29:15+00:00","breadcrumb":{"@id":"https:\/\/www.visital.no\/aktuelt\/paskeskituren-til-stoler-og-kiosker\/#breadcrumb"},"inLanguage":"de-DE","potentialAction":[{"@type":"ReadAction","target":["https:\/\/www.visital.no\/aktuelt\/paskeskituren-til-stoler-og-kiosker\/"]}]},{"@type":"ImageObject","inLanguage":"de-DE","@id":"https:\/\/www.visital.no\/aktuelt\/paskeskituren-til-stoler-og-kiosker\/#primaryimage","url":"https:\/\/www.visital.no\/wp-content\/uploads\/2026\/03\/r513222-scaled.webp","contentUrl":"https:\/\/www.visital.no\/wp-content\/uploads\/2026\/03\/r513222-scaled.webp","width":2560,"height":1708,"caption":"Skitur fra Skarslia i \u00c5l"},{"@type":"BreadcrumbList","@id":"https:\/\/www.visital.no\/aktuelt\/paskeskituren-til-stoler-og-kiosker\/#breadcrumb","itemListElement":[{"@type":"ListItem","position":1,"name":"Home","item":"https:\/\/www.visital.no\/"},{"@type":"ListItem","position":2,"name":"Disse st\u00f8lene &amp; kioskene holder \u00e5pent i p\u00e5ska"}]},{"@type":"WebSite","@id":"https:\/\/www.visital.no\/#website","url":"https:\/\/www.visital.no\/","name":"Besuchen Sie \u00c5l","description":"","publisher":{"@id":"https:\/\/www.visital.no\/#organization"},"potentialAction":[{"@type":"SearchAction","target":{"@type":"EntryPoint","urlTemplate":"https:\/\/www.visital.no\/?s={search_term_string}"},"query-input":{"@type":"PropertyValueSpecification","valueRequired":true,"valueName":"search_term_string"}}],"inLanguage":"de-DE"},{"@type":"Organization","@id":"https:\/\/www.visital.no\/#organization","name":"Besuchen Sie \u00c5l","url":"https:\/\/www.visital.no\/","logo":{"@type":"ImageObject","inLanguage":"de-DE","@id":"https:\/\/www.visital.no\/#\/schema\/logo\/image\/","url":"https:\/\/www.visital.no\/wp-content\/uploads\/2024\/11\/al-i-hallingdal-logo.svg","contentUrl":"https:\/\/www.visital.no\/wp-content\/uploads\/2024\/11\/al-i-hallingdal-logo.svg","width":258,"height":100,"caption":"Visit \u00c5l"},"image":{"@id":"https:\/\/www.visital.no\/#\/schema\/logo\/image\/"},"sameAs":["https:\/\/facebook.com\/visitalihallingdal\/","https:\/\/instagram.com\/visitalihallingdal\/","https:\/\/youtube.com\/user\/alutvikling"]},{"@type":"Person","@id":"https:\/\/www.visital.no\/#\/schema\/person\/852e2864ef98b7d93d3b043d22f2ba1e","name":"Emilie Valderhaug","image":{"@type":"ImageObject","inLanguage":"de-DE","@id":"https:\/\/secure.gravatar.com\/avatar\/3c736e702a67ae030dfc83ee0f108680e09ef3f067b451dabbf9993a4f840938?s=96&d=mm&r=g","url":"https:\/\/secure.gravatar.com\/avatar\/3c736e702a67ae030dfc83ee0f108680e09ef3f067b451dabbf9993a4f840938?s=96&d=mm&r=g","contentUrl":"https:\/\/secure.gravatar.com\/avatar\/3c736e702a67ae030dfc83ee0f108680e09ef3f067b451dabbf9993a4f840938?s=96&d=mm&r=g","caption":"Emilie Valderhaug"},"sameAs":["http:\/\/visital.no"]}]}},"_links":{"self":[{"href":"https:\/\/www.visital.no\/de\/wp-json\/wp\/v2\/posts\/5110","targetHints":{"allow":["GET"]}}],"collection":[{"href":"https:\/\/www.visital.no\/de\/wp-json\/wp\/v2\/posts"}],"about":[{"href":"https:\/\/www.visital.no\/de\/wp-json\/wp\/v2\/types\/post"}],"author":[{"embeddable":true,"href":"https:\/\/www.visital.no\/de\/wp-json\/wp\/v2\/users\/3"}],"replies":[{"embeddable":true,"href":"https:\/\/www.visital.no\/de\/wp-json\/wp\/v2\/comments?post=5110"}],"version-history":[{"count":17,"href":"https:\/\/www.visital.no\/de\/wp-json\/wp\/v2\/posts\/5110\/revisions"}],"predecessor-version":[{"id":5257,"href":"https:\/\/www.visital.no\/de\/wp-json\/wp\/v2\/posts\/5110\/revisions\/5257"}],"wp:featuredmedia":[{"embeddable":true,"href":"https:\/\/www.visital.no\/de\/wp-json\/wp\/v2\/media\/5130"}],"wp:attachment":[{"href":"https:\/\/www.visital.no\/de\/wp-json\/wp\/v2\/media?parent=5110"}],"wp:term":[{"taxonomy":"category","embeddable":true,"href":"https:\/\/www.visital.no\/de\/wp-json\/wp\/v2\/categories?post=5110"},{"taxonomy":"post_tag","embeddable":true,"href":"https:\/\/www.visital.no\/de\/wp-json\/wp\/v2\/tags?post=5110"}],"curies":[{"name":"WordPress","href":"https:\/\/api.w.org\/{rel}","templated":true}]}}