{"id":4578,"date":"2025-12-04T19:28:47","date_gmt":"2025-12-04T18:28:47","guid":{"rendered":"https:\/\/www.visital.no\/?p=4578"},"modified":"2026-01-07T11:26:24","modified_gmt":"2026-01-07T10:26:24","slug":"den-gode-julefolelsen-pa-sundre","status":"publish","type":"post","link":"https:\/\/www.visital.no\/de\/aktuelt\/den-gode-julefolelsen-pa-sundre\/","title":{"rendered":"Das gute Weihnachtsgef\u00fchl in Sundre"},"content":{"rendered":"<div data-elementor-type=\"wp-post\" data-elementor-id=\"4578\" class=\"elementor elementor-4578\" data-elementor-post-type=\"post\">\n\t\t\t\t<div class=\"elementor-element elementor-element-3cb09bb6 e-con-full e-flex e-con e-parent\" data-id=\"3cb09bb6\" data-element_type=\"container\" data-e-type=\"container\">\n\t\t\t\t<div class=\"elementor-element elementor-element-23aa87a0 elementor-widget elementor-widget-text-editor\" data-id=\"23aa87a0\" data-element_type=\"widget\" data-e-type=\"widget\" data-widget_type=\"text-editor.default\">\n\t\t\t\t<div class=\"elementor-widget-container\">\n\t\t\t\t\t\t\t\t\t<p>Wenn die Gesch\u00e4fte sonntags ge\u00f6ffnet haben, wei\u00dft du, dass es n\u00e4her r\u00fcckt. Dass es bald wieder Zeit ist, sich am Tisch zu versammeln, wo neue Erinnerungen entstehen, w\u00e4hrend alte Traditionen weiterleben. Das Weihnachts-Shopping bei Sundre hat seinen ganz eigenen Rhythmus: Hier geht es nicht darum, eine Liste abzuhaken, sondern um das gute Gef\u00fchl, wenn du etwas findest, das zu dem passt, den du liebst. Geschenke sind nicht nur Pakete, sondern kleine Zeichen der Zuneigung, ein \u201cIch habe an dich gedacht\u201d, das du in eine T\u00fcte packen und mit nach Hause nehmen kannst.<\/p>\n<p><!-- \/wp:paragraph --><!-- wp:paragraph --><\/p>\n<p>Wenn die Taschen gepackt und die Schultern endlich sinken, k\u00f6nnen Sie den Tag mit etwas Hei\u00dfem und frisch Gebackenem im Tid Caf\u00e9 oder der \u00c5l B\u00e4ckerei ausklingen lassen.<\/p>\n<p><!-- \/wp:paragraph --><!-- wp:heading --><\/p>\n<h2 class=\"wp-block-heading\">\u00d6ffnungszeiten an Weihnachten<\/h2>\n<p><!-- \/wp:heading --><!-- wp:paragraph --><\/p>\n<p><!-- \/wp:paragraph --><\/p>\t\t\t\t\t\t\t\t<\/div>\n\t\t\t\t<\/div>\n\t\t<div class=\"elementor-element elementor-element-f680dfa e-grid e-con-full elementor-hidden-tablet elementor-hidden-mobile e-con e-child\" data-id=\"f680dfa\" data-element_type=\"container\" data-e-type=\"container\">\n\t\t\t\t<div class=\"elementor-element elementor-element-5892ba5 elementor-widget elementor-widget-text-editor\" data-id=\"5892ba5\" data-element_type=\"widget\" data-e-type=\"widget\" data-widget_type=\"text-editor.default\">\n\t\t\t\t<div class=\"elementor-widget-container\">\n\t\t\t\t\t\t\t\t\t<p>Sonntag<br \/>Sonntag<br \/>Sonntag<br \/>Montag<br \/>Dienstag<br \/>Heiligabend<br \/>Erster Weihnachtstag<br \/>Zweiter Weihnachtsfeiertag<br \/>Samstag<br \/>Sonntag<br \/>Montag<br \/>Dienstag<br \/>Silvester<br \/>Neujahrstag\u00a0<\/p>\t\t\t\t\t\t\t\t<\/div>\n\t\t\t\t<\/div>\n\t\t\t\t<div class=\"elementor-element elementor-element-d4a3a6f elementor-widget elementor-widget-text-editor\" data-id=\"d4a3a6f\" data-element_type=\"widget\" data-e-type=\"widget\" data-widget_type=\"text-editor.default\">\n\t\t\t\t<div class=\"elementor-widget-container\">\n\t\t\t\t\t\t\t\t\t<p>7. Dezember<br \/>14. Dezember<br \/>21. Dezember<br \/>22. Dezember<br \/>23. Dezember<br \/>24. Dezember<br \/>25. Dezember<br \/>26. Dezember<br \/>27. Dezember<br \/>28. Dezember<br \/>29. Dezember<br \/>30. Dezember<br \/>31. Dezember<br \/>1. Januar<\/p>\t\t\t\t\t\t\t\t<\/div>\n\t\t\t\t<\/div>\n\t\t\t\t<div class=\"elementor-element elementor-element-4983058 elementor-widget elementor-widget-text-editor\" data-id=\"4983058\" data-element_type=\"widget\" data-e-type=\"widget\" data-widget_type=\"text-editor.default\">\n\t\t\t\t<div class=\"elementor-widget-container\">\n\t\t\t\t\t\t\t\t\t<p>Klasse 12-16<br \/>Klasse 12-16<br \/>Klasse 12-16<br \/>Kl. 10-18<br \/>Kl. 10-18<br \/>10.-13. Klasse<br \/>Geschlossen<br \/>Geschlossen<br \/>Kl. 10-16<br \/>Geschlossen<br \/>Kl. 10-17<br \/>Kl. 10-17<br \/>Kl. 10-15<br \/>Geschlossen<\/p>\t\t\t\t\t\t\t\t<\/div>\n\t\t\t\t<\/div>\n\t\t\t\t<\/div>\n\t\t<div class=\"elementor-element elementor-element-21e51e4 e-grid elementor-hidden-desktop elementor-hidden-mobile e-con-boxed e-con e-child\" data-id=\"21e51e4\" data-element_type=\"container\" data-e-type=\"container\">\n\t\t\t\t\t<div class=\"e-con-inner\">\n\t\t\t\t<div class=\"elementor-element elementor-element-e191c36 elementor-hidden-mobile elementor-widget elementor-widget-text-editor\" data-id=\"e191c36\" data-element_type=\"widget\" data-e-type=\"widget\" data-widget_type=\"text-editor.default\">\n\t\t\t\t<div class=\"elementor-widget-container\">\n\t\t\t\t\t\t\t\t\t<p>7. Dezember<br \/>14. Dezember<br \/>21. Dezember<br \/>22. Dezember<br \/>23. Dezember<br \/>24. Dezember<br \/>25. Dezember<br \/>26. Dezember<br \/>27. Dezember<br \/>28. Dezember<br \/>29. Dezember<br \/>30. Dezember<br \/>31. Dezember<br \/>1. Januar<\/p>\t\t\t\t\t\t\t\t<\/div>\n\t\t\t\t<\/div>\n\t\t\t\t<div class=\"elementor-element elementor-element-385984f elementor-widget elementor-widget-text-editor\" data-id=\"385984f\" data-element_type=\"widget\" data-e-type=\"widget\" data-widget_type=\"text-editor.default\">\n\t\t\t\t<div class=\"elementor-widget-container\">\n\t\t\t\t\t\t\t\t\t<p>7. Dezember<br \/>14. Dezember<br \/>21. Dezember<br \/>22. Dezember<br \/>23. Dezember<br \/>24. Dezember<br \/>25. Dezember<br \/>26. Dezember<br \/>27. Dezember<br \/>28. Dezember<br \/>29. Dezember<br \/>30. Dezember<br \/>31. Dezember<br \/>1. Januar<\/p>\t\t\t\t\t\t\t\t<\/div>\n\t\t\t\t<\/div>\n\t\t\t\t<div class=\"elementor-element elementor-element-76f85d5 elementor-widget elementor-widget-text-editor\" data-id=\"76f85d5\" data-element_type=\"widget\" data-e-type=\"widget\" data-widget_type=\"text-editor.default\">\n\t\t\t\t<div class=\"elementor-widget-container\">\n\t\t\t\t\t\t\t\t\t<p>Klasse 12-16<br \/>Klasse 12-16<br \/>Klasse 12-16<br \/>Kl. 10-18<br \/>Kl. 10-18<br \/>10.-13. Klasse<br \/>Geschlossen<br \/>Geschlossen<br \/>Kl. 10-16<br \/>Geschlossen<br \/>Kl. 10-17<br \/>Kl. 10-17<br \/>Kl. 10-15<br \/>Geschlossen<\/p>\t\t\t\t\t\t\t\t<\/div>\n\t\t\t\t<\/div>\n\t\t\t\t\t<\/div>\n\t\t\t\t<\/div>\n\t\t<div class=\"elementor-element elementor-element-69511b5 e-grid elementor-hidden-desktop elementor-hidden-tablet e-con-boxed e-con e-child\" data-id=\"69511b5\" data-element_type=\"container\" data-e-type=\"container\">\n\t\t\t\t\t<div class=\"e-con-inner\">\n\t\t\t\t<div class=\"elementor-element elementor-element-7450a39 elementor-widget elementor-widget-text-editor\" data-id=\"7450a39\" data-element_type=\"widget\" data-e-type=\"widget\" data-widget_type=\"text-editor.default\">\n\t\t\t\t<div class=\"elementor-widget-container\">\n\t\t\t\t\t\t\t\t\t<p>7. Dezember<br \/>14. Dezember<br \/>21. Dezember<br \/>22. Dezember<br \/>23. Dezember<br \/>24. Dezember<br \/>25. Dezember<br \/>26. Dezember<br \/>27. Dezember<br \/>28. Dezember<br \/>29. Dezember<br \/>30. Dezember<br \/>31. Dezember<br \/>1. Januar<\/p>\t\t\t\t\t\t\t\t<\/div>\n\t\t\t\t<\/div>\n\t\t\t\t<div class=\"elementor-element elementor-element-96bcde6 elementor-widget elementor-widget-text-editor\" data-id=\"96bcde6\" data-element_type=\"widget\" data-e-type=\"widget\" data-widget_type=\"text-editor.default\">\n\t\t\t\t<div class=\"elementor-widget-container\">\n\t\t\t\t\t\t\t\t\t<p>Klasse 12-16<br \/>Klasse 12-16<br \/>Klasse 12-16<br \/>Kl. 10-18<br \/>Kl. 10-18<br \/>10.-13. Klasse<br \/>Geschlossen<br \/>Geschlossen<br \/>Kl. 10-16<br \/>Geschlossen<br \/>Kl. 10-17<br \/>Kl. 10-17<br \/>Kl. 10-15<br \/>Geschlossen<\/p>\t\t\t\t\t\t\t\t<\/div>\n\t\t\t\t<\/div>\n\t\t\t\t\t<\/div>\n\t\t\t\t<\/div>\n\t\t\t\t<\/div>\n\t\t\t\t<\/div>","protected":false},"excerpt":{"rendered":"<p>Jula f\u00f8les annerledes p\u00e5 Sundre enn i storbyen. Den kommer ikke som st\u00f8y og hastverk, men med ro og varme. N\u00e5r du n\u00e6rmer deg sentrum, sniker stemningen seg p\u00e5. Mot m\u00f8rket sl\u00e5r varmen og lyset fra julegata og lukten av varm kakao og fersk bakst. Sundre er pyntet, julegrana ved Tingstugu er tent, og i et av vinduene stopper folk opp for \u00e5 se \u00e5rets pepperkakeby.<\/p>","protected":false},"author":3,"featured_media":4494,"comment_status":"closed","ping_status":"closed","sticky":false,"template":"","format":"standard","meta":{"_acf_changed":false,"footnotes":""},"categories":[68],"tags":[],"class_list":["post-4578","post","type-post","status-publish","format-standard","has-post-thumbnail","hentry","category-aktuelt"],"acf":[],"yoast_head":"<title>Den gode julef\u00f8lelsen p\u00e5 Sundre - Visit \u00c5l<\/title>\n<meta name=\"robots\" content=\"index, follow, max-snippet:-1, max-image-preview:large, max-video-preview:-1\" \/>\n<link rel=\"canonical\" href=\"https:\/\/www.visital.no\/de\/aktuelt\/den-gode-julefolelsen-pa-sundre\/\" \/>\n<meta property=\"og:locale\" content=\"de_DE\" \/>\n<meta property=\"og:type\" content=\"article\" \/>\n<meta property=\"og:title\" content=\"Den gode julef\u00f8lelsen p\u00e5 Sundre - Visit \u00c5l\" \/>\n<meta property=\"og:description\" content=\"Jula kjennes annerledes p\u00e5 Sundre enn i storbyen. Den kommer ikke som st\u00f8y og hastverk, men med ro og varme. N\u00e5r du n\u00e6rmer deg sentrum sniker stemningen seg p\u00e5. Mot m\u00f8rket sl\u00e5r varmen og lyset fra julegata og lukten av varm kakao og fersk bakst. Sundre er pynta, julegrana ved Tingstugu er tent og i et av vinduene stopper folk opp for \u00e5 se \u00e5rets pepperkake bygd.\" \/>\n<meta property=\"og:url\" content=\"https:\/\/www.visital.no\/de\/aktuelt\/den-gode-julefolelsen-pa-sundre\/\" \/>\n<meta property=\"og:site_name\" content=\"Visit \u00c5l\" \/>\n<meta property=\"article:publisher\" content=\"https:\/\/facebook.com\/visitalihallingdal\/\" \/>\n<meta property=\"article:published_time\" content=\"2025-12-04T18:28:47+00:00\" \/>\n<meta property=\"article:modified_time\" content=\"2026-01-07T10:26:24+00:00\" \/>\n<meta property=\"og:image\" content=\"https:\/\/www.visital.no\/wp-content\/uploads\/2025\/11\/jul-pa-sundre-foto-al-kulturskule-mg-0006-2-scaled.webp\" \/>\n\t<meta property=\"og:image:width\" content=\"2560\" \/>\n\t<meta property=\"og:image:height\" content=\"1566\" \/>\n\t<meta property=\"og:image:type\" content=\"image\/jpeg\" \/>\n<meta name=\"author\" content=\"Emilie Valderhaug\" \/>\n<meta name=\"twitter:card\" content=\"summary_large_image\" \/>\n<meta name=\"twitter:label1\" content=\"Written by\" \/>\n\t<meta name=\"twitter:data1\" content=\"Emilie Valderhaug\" \/>\n\t<meta name=\"twitter:label2\" content=\"Est. reading time\" \/>\n\t<meta name=\"twitter:data2\" content=\"2 minutes\" \/>\n<script type=\"application\/ld+json\" class=\"yoast-schema-graph\">{\"@context\":\"https:\\\/\\\/schema.org\",\"@graph\":[{\"@type\":\"Article\",\"@id\":\"https:\\\/\\\/www.visital.no\\\/aktuelt\\\/den-gode-julefolelsen-pa-sundre\\\/#article\",\"isPartOf\":{\"@id\":\"https:\\\/\\\/www.visital.no\\\/aktuelt\\\/den-gode-julefolelsen-pa-sundre\\\/\"},\"author\":{\"name\":\"Emilie Valderhaug\",\"@id\":\"https:\\\/\\\/www.visital.no\\\/#\\\/schema\\\/person\\\/852e2864ef98b7d93d3b043d22f2ba1e\"},\"headline\":\"Den gode julef\u00f8lelsen p\u00e5 Sundre\",\"datePublished\":\"2025-12-04T18:28:47+00:00\",\"dateModified\":\"2026-01-07T10:26:24+00:00\",\"mainEntityOfPage\":{\"@id\":\"https:\\\/\\\/www.visital.no\\\/aktuelt\\\/den-gode-julefolelsen-pa-sundre\\\/\"},\"wordCount\":269,\"publisher\":{\"@id\":\"https:\\\/\\\/www.visital.no\\\/#organization\"},\"image\":{\"@id\":\"https:\\\/\\\/www.visital.no\\\/aktuelt\\\/den-gode-julefolelsen-pa-sundre\\\/#primaryimage\"},\"thumbnailUrl\":\"https:\\\/\\\/www.visital.no\\\/wp-content\\\/uploads\\\/2025\\\/11\\\/jul-pa-sundre-foto-al-kulturskule-mg-0006-2-scaled.webp\",\"articleSection\":[\"Aktuelt\"],\"inLanguage\":\"de-DE\"},{\"@type\":\"WebPage\",\"@id\":\"https:\\\/\\\/www.visital.no\\\/aktuelt\\\/den-gode-julefolelsen-pa-sundre\\\/\",\"url\":\"https:\\\/\\\/www.visital.no\\\/aktuelt\\\/den-gode-julefolelsen-pa-sundre\\\/\",\"name\":\"Den gode julef\u00f8lelsen p\u00e5 Sundre - Visit \u00c5l\",\"isPartOf\":{\"@id\":\"https:\\\/\\\/www.visital.no\\\/#website\"},\"primaryImageOfPage\":{\"@id\":\"https:\\\/\\\/www.visital.no\\\/aktuelt\\\/den-gode-julefolelsen-pa-sundre\\\/#primaryimage\"},\"image\":{\"@id\":\"https:\\\/\\\/www.visital.no\\\/aktuelt\\\/den-gode-julefolelsen-pa-sundre\\\/#primaryimage\"},\"thumbnailUrl\":\"https:\\\/\\\/www.visital.no\\\/wp-content\\\/uploads\\\/2025\\\/11\\\/jul-pa-sundre-foto-al-kulturskule-mg-0006-2-scaled.webp\",\"datePublished\":\"2025-12-04T18:28:47+00:00\",\"dateModified\":\"2026-01-07T10:26:24+00:00\",\"breadcrumb\":{\"@id\":\"https:\\\/\\\/www.visital.no\\\/aktuelt\\\/den-gode-julefolelsen-pa-sundre\\\/#breadcrumb\"},\"inLanguage\":\"de-DE\",\"potentialAction\":[{\"@type\":\"ReadAction\",\"target\":[\"https:\\\/\\\/www.visital.no\\\/aktuelt\\\/den-gode-julefolelsen-pa-sundre\\\/\"]}]},{\"@type\":\"ImageObject\",\"inLanguage\":\"de-DE\",\"@id\":\"https:\\\/\\\/www.visital.no\\\/aktuelt\\\/den-gode-julefolelsen-pa-sundre\\\/#primaryimage\",\"url\":\"https:\\\/\\\/www.visital.no\\\/wp-content\\\/uploads\\\/2025\\\/11\\\/jul-pa-sundre-foto-al-kulturskule-mg-0006-2-scaled.webp\",\"contentUrl\":\"https:\\\/\\\/www.visital.no\\\/wp-content\\\/uploads\\\/2025\\\/11\\\/jul-pa-sundre-foto-al-kulturskule-mg-0006-2-scaled.webp\",\"width\":2560,\"height\":1566,\"caption\":\"Bilde fra julegrantenningen og fakkeltoget p\u00e5 Sundre, \u00c5l Sentrum\"},{\"@type\":\"BreadcrumbList\",\"@id\":\"https:\\\/\\\/www.visital.no\\\/aktuelt\\\/den-gode-julefolelsen-pa-sundre\\\/#breadcrumb\",\"itemListElement\":[{\"@type\":\"ListItem\",\"position\":1,\"name\":\"Home\",\"item\":\"https:\\\/\\\/www.visital.no\\\/\"},{\"@type\":\"ListItem\",\"position\":2,\"name\":\"Den gode julef\u00f8lelsen p\u00e5 Sundre\"}]},{\"@type\":\"WebSite\",\"@id\":\"https:\\\/\\\/www.visital.no\\\/#website\",\"url\":\"https:\\\/\\\/www.visital.no\\\/\",\"name\":\"Visit \u00c5l\",\"description\":\"\",\"publisher\":{\"@id\":\"https:\\\/\\\/www.visital.no\\\/#organization\"},\"potentialAction\":[{\"@type\":\"SearchAction\",\"target\":{\"@type\":\"EntryPoint\",\"urlTemplate\":\"https:\\\/\\\/www.visital.no\\\/?s={search_term_string}\"},\"query-input\":{\"@type\":\"PropertyValueSpecification\",\"valueRequired\":true,\"valueName\":\"search_term_string\"}}],\"inLanguage\":\"de-DE\"},{\"@type\":\"Organization\",\"@id\":\"https:\\\/\\\/www.visital.no\\\/#organization\",\"name\":\"Visit \u00c5l\",\"url\":\"https:\\\/\\\/www.visital.no\\\/\",\"logo\":{\"@type\":\"ImageObject\",\"inLanguage\":\"de-DE\",\"@id\":\"https:\\\/\\\/www.visital.no\\\/#\\\/schema\\\/logo\\\/image\\\/\",\"url\":\"https:\\\/\\\/www.visital.no\\\/wp-content\\\/uploads\\\/2024\\\/11\\\/al-i-hallingdal-logo.svg\",\"contentUrl\":\"https:\\\/\\\/www.visital.no\\\/wp-content\\\/uploads\\\/2024\\\/11\\\/al-i-hallingdal-logo.svg\",\"width\":258,\"height\":100,\"caption\":\"Visit \u00c5l\"},\"image\":{\"@id\":\"https:\\\/\\\/www.visital.no\\\/#\\\/schema\\\/logo\\\/image\\\/\"},\"sameAs\":[\"https:\\\/\\\/facebook.com\\\/visitalihallingdal\\\/\",\"https:\\\/\\\/instagram.com\\\/visitalihallingdal\\\/\",\"https:\\\/\\\/youtube.com\\\/user\\\/alutvikling\"]},{\"@type\":\"Person\",\"@id\":\"https:\\\/\\\/www.visital.no\\\/#\\\/schema\\\/person\\\/852e2864ef98b7d93d3b043d22f2ba1e\",\"name\":\"Emilie Valderhaug\",\"image\":{\"@type\":\"ImageObject\",\"inLanguage\":\"de-DE\",\"@id\":\"https:\\\/\\\/secure.gravatar.com\\\/avatar\\\/3c736e702a67ae030dfc83ee0f108680e09ef3f067b451dabbf9993a4f840938?s=96&d=mm&r=g\",\"url\":\"https:\\\/\\\/secure.gravatar.com\\\/avatar\\\/3c736e702a67ae030dfc83ee0f108680e09ef3f067b451dabbf9993a4f840938?s=96&d=mm&r=g\",\"contentUrl\":\"https:\\\/\\\/secure.gravatar.com\\\/avatar\\\/3c736e702a67ae030dfc83ee0f108680e09ef3f067b451dabbf9993a4f840938?s=96&d=mm&r=g\",\"caption\":\"Emilie Valderhaug\"},\"sameAs\":[\"http:\\\/\\\/visital.no\"]}]}<\/script>","yoast_head_json":{"title":"Den gode julef\u00f8lelsen p\u00e5 Sundre - Visit \u00c5l","robots":{"index":"index","follow":"follow","max-snippet":"max-snippet:-1","max-image-preview":"max-image-preview:large","max-video-preview":"max-video-preview:-1"},"canonical":"https:\/\/www.visital.no\/de\/aktuelt\/den-gode-julefolelsen-pa-sundre\/","og_locale":"de_DE","og_type":"article","og_title":"Den gode julef\u00f8lelsen p\u00e5 Sundre - Visit \u00c5l","og_description":"Jula kjennes annerledes p\u00e5 Sundre enn i storbyen. Den kommer ikke som st\u00f8y og hastverk, men med ro og varme. N\u00e5r du n\u00e6rmer deg sentrum sniker stemningen seg p\u00e5. Mot m\u00f8rket sl\u00e5r varmen og lyset fra julegata og lukten av varm kakao og fersk bakst. Sundre er pynta, julegrana ved Tingstugu er tent og i et av vinduene stopper folk opp for \u00e5 se \u00e5rets pepperkake bygd.","og_url":"https:\/\/www.visital.no\/de\/aktuelt\/den-gode-julefolelsen-pa-sundre\/","og_site_name":"Visit \u00c5l","article_publisher":"https:\/\/facebook.com\/visitalihallingdal\/","article_published_time":"2025-12-04T18:28:47+00:00","article_modified_time":"2026-01-07T10:26:24+00:00","og_image":[{"width":2560,"height":1566,"url":"https:\/\/www.visital.no\/wp-content\/uploads\/2025\/11\/jul-pa-sundre-foto-al-kulturskule-mg-0006-2-scaled.webp","type":"image\/jpeg"}],"author":"Emilie Valderhaug","twitter_card":"summary_large_image","twitter_misc":{"Written by":"Emilie Valderhaug","Est. reading time":"2 minutes"},"schema":{"@context":"https:\/\/schema.org","@graph":[{"@type":"Article","@id":"https:\/\/www.visital.no\/aktuelt\/den-gode-julefolelsen-pa-sundre\/#article","isPartOf":{"@id":"https:\/\/www.visital.no\/aktuelt\/den-gode-julefolelsen-pa-sundre\/"},"author":{"name":"Emilie Valderhaug","@id":"https:\/\/www.visital.no\/#\/schema\/person\/852e2864ef98b7d93d3b043d22f2ba1e"},"headline":"Den gode julef\u00f8lelsen p\u00e5 Sundre","datePublished":"2025-12-04T18:28:47+00:00","dateModified":"2026-01-07T10:26:24+00:00","mainEntityOfPage":{"@id":"https:\/\/www.visital.no\/aktuelt\/den-gode-julefolelsen-pa-sundre\/"},"wordCount":269,"publisher":{"@id":"https:\/\/www.visital.no\/#organization"},"image":{"@id":"https:\/\/www.visital.no\/aktuelt\/den-gode-julefolelsen-pa-sundre\/#primaryimage"},"thumbnailUrl":"https:\/\/www.visital.no\/wp-content\/uploads\/2025\/11\/jul-pa-sundre-foto-al-kulturskule-mg-0006-2-scaled.webp","articleSection":["Aktuelt"],"inLanguage":"de-DE"},{"@type":"WebPage","@id":"https:\/\/www.visital.no\/aktuelt\/den-gode-julefolelsen-pa-sundre\/","url":"https:\/\/www.visital.no\/aktuelt\/den-gode-julefolelsen-pa-sundre\/","name":"Den gode julef\u00f8lelsen p\u00e5 Sundre - Visit \u00c5l","isPartOf":{"@id":"https:\/\/www.visital.no\/#website"},"primaryImageOfPage":{"@id":"https:\/\/www.visital.no\/aktuelt\/den-gode-julefolelsen-pa-sundre\/#primaryimage"},"image":{"@id":"https:\/\/www.visital.no\/aktuelt\/den-gode-julefolelsen-pa-sundre\/#primaryimage"},"thumbnailUrl":"https:\/\/www.visital.no\/wp-content\/uploads\/2025\/11\/jul-pa-sundre-foto-al-kulturskule-mg-0006-2-scaled.webp","datePublished":"2025-12-04T18:28:47+00:00","dateModified":"2026-01-07T10:26:24+00:00","breadcrumb":{"@id":"https:\/\/www.visital.no\/aktuelt\/den-gode-julefolelsen-pa-sundre\/#breadcrumb"},"inLanguage":"de-DE","potentialAction":[{"@type":"ReadAction","target":["https:\/\/www.visital.no\/aktuelt\/den-gode-julefolelsen-pa-sundre\/"]}]},{"@type":"ImageObject","inLanguage":"de-DE","@id":"https:\/\/www.visital.no\/aktuelt\/den-gode-julefolelsen-pa-sundre\/#primaryimage","url":"https:\/\/www.visital.no\/wp-content\/uploads\/2025\/11\/jul-pa-sundre-foto-al-kulturskule-mg-0006-2-scaled.webp","contentUrl":"https:\/\/www.visital.no\/wp-content\/uploads\/2025\/11\/jul-pa-sundre-foto-al-kulturskule-mg-0006-2-scaled.webp","width":2560,"height":1566,"caption":"Bilde fra julegrantenningen og fakkeltoget p\u00e5 Sundre, \u00c5l Sentrum"},{"@type":"BreadcrumbList","@id":"https:\/\/www.visital.no\/aktuelt\/den-gode-julefolelsen-pa-sundre\/#breadcrumb","itemListElement":[{"@type":"ListItem","position":1,"name":"Home","item":"https:\/\/www.visital.no\/"},{"@type":"ListItem","position":2,"name":"Den gode julef\u00f8lelsen p\u00e5 Sundre"}]},{"@type":"WebSite","@id":"https:\/\/www.visital.no\/#website","url":"https:\/\/www.visital.no\/","name":"Besuchen Sie \u00c5l","description":"","publisher":{"@id":"https:\/\/www.visital.no\/#organization"},"potentialAction":[{"@type":"SearchAction","target":{"@type":"EntryPoint","urlTemplate":"https:\/\/www.visital.no\/?s={search_term_string}"},"query-input":{"@type":"PropertyValueSpecification","valueRequired":true,"valueName":"search_term_string"}}],"inLanguage":"de-DE"},{"@type":"Organization","@id":"https:\/\/www.visital.no\/#organization","name":"Besuchen Sie \u00c5l","url":"https:\/\/www.visital.no\/","logo":{"@type":"ImageObject","inLanguage":"de-DE","@id":"https:\/\/www.visital.no\/#\/schema\/logo\/image\/","url":"https:\/\/www.visital.no\/wp-content\/uploads\/2024\/11\/al-i-hallingdal-logo.svg","contentUrl":"https:\/\/www.visital.no\/wp-content\/uploads\/2024\/11\/al-i-hallingdal-logo.svg","width":258,"height":100,"caption":"Visit \u00c5l"},"image":{"@id":"https:\/\/www.visital.no\/#\/schema\/logo\/image\/"},"sameAs":["https:\/\/facebook.com\/visitalihallingdal\/","https:\/\/instagram.com\/visitalihallingdal\/","https:\/\/youtube.com\/user\/alutvikling"]},{"@type":"Person","@id":"https:\/\/www.visital.no\/#\/schema\/person\/852e2864ef98b7d93d3b043d22f2ba1e","name":"Emilie Valderhaug","image":{"@type":"ImageObject","inLanguage":"de-DE","@id":"https:\/\/secure.gravatar.com\/avatar\/3c736e702a67ae030dfc83ee0f108680e09ef3f067b451dabbf9993a4f840938?s=96&d=mm&r=g","url":"https:\/\/secure.gravatar.com\/avatar\/3c736e702a67ae030dfc83ee0f108680e09ef3f067b451dabbf9993a4f840938?s=96&d=mm&r=g","contentUrl":"https:\/\/secure.gravatar.com\/avatar\/3c736e702a67ae030dfc83ee0f108680e09ef3f067b451dabbf9993a4f840938?s=96&d=mm&r=g","caption":"Emilie Valderhaug"},"sameAs":["http:\/\/visital.no"]}]}},"_links":{"self":[{"href":"https:\/\/www.visital.no\/de\/wp-json\/wp\/v2\/posts\/4578","targetHints":{"allow":["GET"]}}],"collection":[{"href":"https:\/\/www.visital.no\/de\/wp-json\/wp\/v2\/posts"}],"about":[{"href":"https:\/\/www.visital.no\/de\/wp-json\/wp\/v2\/types\/post"}],"author":[{"embeddable":true,"href":"https:\/\/www.visital.no\/de\/wp-json\/wp\/v2\/users\/3"}],"replies":[{"embeddable":true,"href":"https:\/\/www.visital.no\/de\/wp-json\/wp\/v2\/comments?post=4578"}],"version-history":[{"count":12,"href":"https:\/\/www.visital.no\/de\/wp-json\/wp\/v2\/posts\/4578\/revisions"}],"predecessor-version":[{"id":4776,"href":"https:\/\/www.visital.no\/de\/wp-json\/wp\/v2\/posts\/4578\/revisions\/4776"}],"wp:featuredmedia":[{"embeddable":true,"href":"https:\/\/www.visital.no\/de\/wp-json\/wp\/v2\/media\/4494"}],"wp:attachment":[{"href":"https:\/\/www.visital.no\/de\/wp-json\/wp\/v2\/media?parent=4578"}],"wp:term":[{"taxonomy":"category","embeddable":true,"href":"https:\/\/www.visital.no\/de\/wp-json\/wp\/v2\/categories?post=4578"},{"taxonomy":"post_tag","embeddable":true,"href":"https:\/\/www.visital.no\/de\/wp-json\/wp\/v2\/tags?post=4578"}],"curies":[{"name":"WordPress","href":"https:\/\/api.w.org\/{rel}","templated":true}]}}