{"id":4134,"date":"2025-10-16T11:28:16","date_gmt":"2025-10-16T09:28:16","guid":{"rendered":"https:\/\/www.visital.no\/?p=4134"},"modified":"2025-11-10T14:10:32","modified_gmt":"2025-11-10T13:10:32","slug":"arets-pinnekjott-er-snart-klart","status":"publish","type":"post","link":"https:\/\/www.visital.no\/de\/aktuelt\/arets-pinnekjott-er-snart-klart\/","title":{"rendered":"Das diesj\u00e4hrige Pinnekj\u00f8tt ist fast fertig!"},"content":{"rendered":"<div data-elementor-type=\"wp-post\" data-elementor-id=\"4134\" class=\"elementor elementor-4134\" data-elementor-post-type=\"post\">\n\t\t\t\t<div class=\"elementor-element elementor-element-1713580 e-flex e-con-boxed e-con e-parent\" data-id=\"1713580\" data-element_type=\"container\" data-e-type=\"container\">\n\t\t\t\t\t<div class=\"e-con-inner\">\n\t\t\t\t<div class=\"elementor-element elementor-element-2c2ba4c0 elementor-widget elementor-widget-text-editor\" data-id=\"2c2ba4c0\" data-element_type=\"widget\" data-e-type=\"widget\" data-widget_type=\"text-editor.default\">\n\t\t\t\t<div class=\"elementor-widget-container\">\n\t\t\t\t\t\t\t\t\t\n<h2 class=\"wp-block-heading\">Vats Gardsmat - echte Handwerkskunst aus Vats<\/h2>\n\n<p>Seit 2006 veredeln drei Schafz\u00fcchter in Vats lokale Produkte zu P\u00f6kelfleisch und Stockfleisch mit dem Geschmack von Bergen und frischer Luft. Die Schafe grasen den ganzen Sommer \u00fcber frei in der Gegend von Bergsj\u00f8, bevor das Fleisch in aller Ruhe zart wird, gep\u00f6kelt und getrocknet wird. Das Ergebnis ist echte Handwerkskunst und der Geschmack des Hallingdals. Das Pinnekj\u00f8tt wird vorgeschnitten, ger\u00e4uchert oder unger\u00e4uchert, geliefert und kann direkt in den Kochtopf gegeben werden.<\/p>\n\t\t\t\t\t\t\t\t<\/div>\n\t\t\t\t<\/div>\n\t\t\t\t\t<\/div>\n\t\t\t\t<\/div>\n\t\t<div class=\"elementor-element elementor-element-d54aa29 e-flex e-con-boxed e-con e-parent\" data-id=\"d54aa29\" data-element_type=\"container\" data-e-type=\"container\">\n\t\t\t\t\t<div class=\"e-con-inner\">\n\t\t<div class=\"elementor-element elementor-element-4e667a1 e-grid e-con-full e-con e-child\" data-id=\"4e667a1\" data-element_type=\"container\" data-e-type=\"container\">\n\t\t\t\t<div class=\"elementor-element elementor-element-162a6d6 elementor-widget elementor-widget-text-editor\" data-id=\"162a6d6\" data-element_type=\"widget\" data-e-type=\"widget\" data-widget_type=\"text-editor.default\">\n\t\t\t\t<div class=\"elementor-widget-container\">\n\t\t\t\t\t\t\t\t\t\n<p>Der diesj\u00e4hrige Pinnekj\u00f8tt von Vats Gardsmat wird voraussichtlich in etwa drei Wochen fertig sein. Sie k\u00f6nnen es direkt im Hofladen von Vats, bei Samhald, Tid Kaf\u00e9 oder in der neuen Spar-Filiale in \u00c5l kaufen. Es ist auch m\u00f6glich, per E-Mail an post@vatsgardsmat.no zu bestellen.<\/p>\n\n<p><strong><a href=\"http:\/\/www.vatsgardsmat.no\/varu_og_tinging\/\">Sehen Sie sich alle Produkte von Vats Gardsmat an<\/a><\/strong><\/p>\n\t\t\t\t\t\t\t\t<\/div>\n\t\t\t\t<\/div>\n\t\t\t\t<div class=\"elementor-element elementor-element-49b8db1 elementor-widget elementor-widget-image\" data-id=\"49b8db1\" data-element_type=\"widget\" data-e-type=\"widget\" data-widget_type=\"image.default\">\n\t\t\t\t<div class=\"elementor-widget-container\">\n\t\t\t\t\t\t\t\t\t\t\t\t\t\t\t<img fetchpriority=\"high\" decoding=\"async\" width=\"800\" height=\"450\" src=\"https:\/\/www.visital.no\/wp-content\/uploads\/2025\/10\/481149864-1099838881948756-8812696814494338587-n-1-1024x576.webp\" class=\"attachment-large size-large wp-image-4146\" alt=\"Sauene p\u00e5 Vats Gardsmat ute p\u00e5 beite\" srcset=\"https:\/\/www.visital.no\/wp-content\/uploads\/2025\/10\/481149864-1099838881948756-8812696814494338587-n-1-1024x576.webp 1024w, https:\/\/www.visital.no\/wp-content\/uploads\/2025\/10\/481149864-1099838881948756-8812696814494338587-n-1-300x169.webp 300w, https:\/\/www.visital.no\/wp-content\/uploads\/2025\/10\/481149864-1099838881948756-8812696814494338587-n-1-768x432.webp 768w, https:\/\/www.visital.no\/wp-content\/uploads\/2025\/10\/481149864-1099838881948756-8812696814494338587-n-1-18x10.webp 18w, https:\/\/www.visital.no\/wp-content\/uploads\/2025\/10\/481149864-1099838881948756-8812696814494338587-n-1.webp 1440w\" sizes=\"(max-width: 800px) 100vw, 800px\" \/>\t\t\t\t\t\t\t\t\t\t\t\t\t\t\t<\/div>\n\t\t\t\t<\/div>\n\t\t\t\t<\/div>\n\t\t\t\t<div class=\"elementor-element elementor-element-37a6296 elementor-widget elementor-widget-text-editor\" data-id=\"37a6296\" data-element_type=\"widget\" data-e-type=\"widget\" data-widget_type=\"text-editor.default\">\n\t\t\t\t<div class=\"elementor-widget-container\">\n\t\t\t\t\t\t\t\t\t\n<h2 class=\"wp-block-heading\">Garten Oppheim - preisgekr\u00f6ntes Stockfleisch aus dem Hallingdal<\/h2>\n\n<p>Im Garten Oppheim werden in einer Holzscheune aus dem 19. Jahrhundert alte Traditionen mit moderner Handwerkskunst kombiniert. Hier stellen Renate und Sjur S\u00f8ndr\u00e5l Stockfleisch von L\u00e4mmern her, die am Fu\u00dfe des Hallingskarvet geweidet haben.\u00a0<\/p>\n\t\t\t\t\t\t\t\t<\/div>\n\t\t\t\t<\/div>\n\t\t\t\t\t<\/div>\n\t\t\t\t<\/div>\n\t\t<div class=\"elementor-element elementor-element-46d8080 e-flex e-con-boxed e-con e-parent\" data-id=\"46d8080\" data-element_type=\"container\" data-e-type=\"container\">\n\t\t\t\t\t<div class=\"e-con-inner\">\n\t\t<div class=\"elementor-element elementor-element-0ccc82f e-grid e-con-full e-con e-child\" data-id=\"0ccc82f\" data-element_type=\"container\" data-e-type=\"container\">\n\t\t\t\t<div class=\"elementor-element elementor-element-1a6af79 elementor-widget elementor-widget-image\" data-id=\"1a6af79\" data-element_type=\"widget\" data-e-type=\"widget\" data-widget_type=\"image.default\">\n\t\t\t\t<div class=\"elementor-widget-container\">\n\t\t\t\t\t\t\t\t\t\t\t\t\t\t\t<img decoding=\"async\" width=\"800\" height=\"534\" src=\"https:\/\/www.visital.no\/wp-content\/uploads\/2025\/10\/tunbyr-garden-oppheim-menneskene-og-sauene-1024x683.webp\" class=\"attachment-large size-large wp-image-4142\" alt=\"Renate og Sjur sammen med sauene p\u00e5 beitet\" srcset=\"https:\/\/www.visital.no\/wp-content\/uploads\/2025\/10\/tunbyr-garden-oppheim-menneskene-og-sauene-1024x683.webp 1024w, https:\/\/www.visital.no\/wp-content\/uploads\/2025\/10\/tunbyr-garden-oppheim-menneskene-og-sauene-300x200.webp 300w, https:\/\/www.visital.no\/wp-content\/uploads\/2025\/10\/tunbyr-garden-oppheim-menneskene-og-sauene-768x512.webp 768w, https:\/\/www.visital.no\/wp-content\/uploads\/2025\/10\/tunbyr-garden-oppheim-menneskene-og-sauene-1536x1024.webp 1536w, https:\/\/www.visital.no\/wp-content\/uploads\/2025\/10\/tunbyr-garden-oppheim-menneskene-og-sauene-2048x1366.webp 2048w, https:\/\/www.visital.no\/wp-content\/uploads\/2025\/10\/tunbyr-garden-oppheim-menneskene-og-sauene-18x12.webp 18w\" sizes=\"(max-width: 800px) 100vw, 800px\" \/>\t\t\t\t\t\t\t\t\t\t\t\t\t\t\t<\/div>\n\t\t\t\t<\/div>\n\t\t\t\t<div class=\"elementor-element elementor-element-29c9461 elementor-widget elementor-widget-text-editor\" data-id=\"29c9461\" data-element_type=\"widget\" data-e-type=\"widget\" data-widget_type=\"text-editor.default\">\n\t\t\t\t<div class=\"elementor-widget-container\">\n\t\t\t\t\t\t\t\t\t\n<p>Das Fleisch wird trocken gesalzen und an der frischen Bergluft getrocknet, wodurch es einen reinen und delikaten Geschmack erh\u00e4lt. Garten Oppheim hat sowohl f\u00fcr ger\u00e4uchertes als auch f\u00fcr unger\u00e4uchertes Stockfleisch Goldmedaillen bei nationalen Meisterschaften gewonnen und tr\u00e4gt das Spezialit\u00e4tenlabel - ein lokales Lebensmittel der Extraklasse.<\/p>\n\n<p>Das Stangenfleisch von Garden Oppheim wird bald fertig sein und kann per E-Mail an post@gardenoppheim.no bestellt werden. Die Produkte werden auch in den Filialen von Spar Geilo, Joker Torpo und REMA 1000 im Hallingdal und in der Region Ost verkauft.<\/p>\n\t\t\t\t\t\t\t\t<\/div>\n\t\t\t\t<\/div>\n\t\t\t\t<\/div>\n\t\t\t\t\t<\/div>\n\t\t\t\t<\/div>\n\t\t<div class=\"elementor-element elementor-element-47d10f7 e-flex e-con-boxed e-con e-parent\" data-id=\"47d10f7\" data-element_type=\"container\" data-e-type=\"container\">\n\t\t\t\t\t<div class=\"e-con-inner\">\n\t\t\t\t<div class=\"elementor-element elementor-element-34a4d1a elementor-widget elementor-widget-text-editor\" data-id=\"34a4d1a\" data-element_type=\"widget\" data-e-type=\"widget\" data-widget_type=\"text-editor.default\">\n\t\t\t\t<div class=\"elementor-widget-container\">\n\t\t\t\t\t\t\t\t\t\n<p><a href=\"https:\/\/www.gardenoppheim.no\/vare-produkter\/\"><b>Lesen Sie mehr \u00fcber die diesj\u00e4hrigen Produkte und wo Sie sie erhalten k\u00f6nnen<\/b><\/a><\/p>\n\n<h2>Lokale Geschmacksrichtungen und echte Handwerkskunst<\/h2>\n\n<p>Ob Sie nun ger\u00e4uchertes, unger\u00e4uchertes oder Pinnebog bevorzugen, das diesj\u00e4hrige Pinnekj\u00f8tt von Vats Gardsmat und Garden Oppheim bietet lokale Qualit\u00e4t und den wahren Geschmack des Hallingdals. Bestellen Sie fr\u00fchzeitig, damit Sie die besten Pinnekj\u00f8tt f\u00fcr Weihnachten bekommen.<\/p>\n\n<p>\u00a0<\/p>\n\t\t\t\t\t\t\t\t<\/div>\n\t\t\t\t<\/div>\n\t\t\t\t<div class=\"elementor-element elementor-element-6579388 elementor-widget elementor-widget-image\" data-id=\"6579388\" data-element_type=\"widget\" data-e-type=\"widget\" data-widget_type=\"image.default\">\n\t\t\t\t<div class=\"elementor-widget-container\">\n\t\t\t\t\t\t\t\t\t\t\t\t\t\t\t<img decoding=\"async\" src=\"https:\/\/www.visital.no\/wp-content\/uploads\/2025\/10\/508330843-9597797626993124-2603763232735364114-n.webp\" title=\"508330843_9597797626993124_2603763232735364114_n\" alt=\"Sauene p\u00e5 Vats Gardsmat ute p\u00e5 beite\" loading=\"lazy\" \/>\t\t\t\t\t\t\t\t\t\t\t\t\t\t\t<\/div>\n\t\t\t\t<\/div>\n\t\t\t\t\t<\/div>\n\t\t\t\t<\/div>\n\t\t\t\t<\/div>","protected":false},"excerpt":{"rendered":"<p>Weihnachten steht vor der T\u00fcr, und in den Bergd\u00f6rfern von \u00c5l wird der diesj\u00e4hrige Pinnekj\u00f8tt bald voll ausgereift sein. Sowohl Vats Gardsmat als auch Garden Oppheim bieten hochwertige, handwerklich hergestellte Lebensmittel an, die mit Sorgfalt, Tradition und Zeit hergestellt werden.<\/p>","protected":false},"author":3,"featured_media":4349,"comment_status":"closed","ping_status":"closed","sticky":false,"template":"","format":"standard","meta":{"_acf_changed":false,"footnotes":""},"categories":[68],"tags":[],"class_list":["post-4134","post","type-post","status-publish","format-standard","has-post-thumbnail","hentry","category-aktuelt"],"acf":[],"yoast_head":"<title>\u00c5rets pinnekj\u00f8tt er snart klart! - Visit \u00c5l<\/title>\n<meta name=\"robots\" content=\"index, follow, max-snippet:-1, max-image-preview:large, max-video-preview:-1\" \/>\n<link rel=\"canonical\" href=\"https:\/\/www.visital.no\/de\/aktuelt\/arets-pinnekjott-er-snart-klart\/\" \/>\n<meta property=\"og:locale\" content=\"de_DE\" \/>\n<meta property=\"og:type\" content=\"article\" \/>\n<meta property=\"og:title\" content=\"\u00c5rets pinnekj\u00f8tt er snart klart! - Visit \u00c5l\" \/>\n<meta property=\"og:description\" content=\"Julen n\u00e6rmer seg, og i fjellbygdene i \u00c5l er \u00e5rets pinnekj\u00f8tt snart ferdig modnet. B\u00e5de Vats Gardsmat og Garden Oppheim byr p\u00e5 h\u00e5ndverksmat av h\u00f8y kvalitet, laget med omtanke, tradisjon og tid.\" \/>\n<meta property=\"og:url\" content=\"https:\/\/www.visital.no\/de\/aktuelt\/arets-pinnekjott-er-snart-klart\/\" \/>\n<meta property=\"og:site_name\" content=\"Visit \u00c5l\" \/>\n<meta property=\"article:publisher\" content=\"https:\/\/facebook.com\/visitalihallingdal\/\" \/>\n<meta property=\"article:published_time\" content=\"2025-10-16T09:28:16+00:00\" \/>\n<meta property=\"article:modified_time\" content=\"2025-11-10T13:10:32+00:00\" \/>\n<meta property=\"og:image\" content=\"https:\/\/www.visital.no\/wp-content\/uploads\/2025\/10\/gardenoppheim-nm-rdaamoaefrd68hotenscxw63h4uqcaiog0v5ytplvc.webp\" \/>\n\t<meta property=\"og:image:width\" content=\"1500\" \/>\n\t<meta property=\"og:image:height\" content=\"844\" \/>\n\t<meta property=\"og:image:type\" content=\"image\/webp\" \/>\n<meta name=\"author\" content=\"Emilie Valderhaug\" \/>\n<meta name=\"twitter:card\" content=\"summary_large_image\" \/>\n<meta name=\"twitter:label1\" content=\"Written by\" \/>\n\t<meta name=\"twitter:data1\" content=\"Emilie Valderhaug\" \/>\n\t<meta name=\"twitter:label2\" content=\"Est. reading time\" \/>\n\t<meta name=\"twitter:data2\" content=\"3 minutes\" \/>\n<script type=\"application\/ld+json\" class=\"yoast-schema-graph\">{\"@context\":\"https:\\\/\\\/schema.org\",\"@graph\":[{\"@type\":\"Article\",\"@id\":\"https:\\\/\\\/www.visital.no\\\/aktuelt\\\/arets-pinnekjott-er-snart-klart\\\/#article\",\"isPartOf\":{\"@id\":\"https:\\\/\\\/www.visital.no\\\/aktuelt\\\/arets-pinnekjott-er-snart-klart\\\/\"},\"author\":{\"name\":\"Emilie Valderhaug\",\"@id\":\"https:\\\/\\\/www.visital.no\\\/#\\\/schema\\\/person\\\/852e2864ef98b7d93d3b043d22f2ba1e\"},\"headline\":\"\u00c5rets pinnekj\u00f8tt er snart klart!\",\"datePublished\":\"2025-10-16T09:28:16+00:00\",\"dateModified\":\"2025-11-10T13:10:32+00:00\",\"mainEntityOfPage\":{\"@id\":\"https:\\\/\\\/www.visital.no\\\/aktuelt\\\/arets-pinnekjott-er-snart-klart\\\/\"},\"wordCount\":319,\"publisher\":{\"@id\":\"https:\\\/\\\/www.visital.no\\\/#organization\"},\"image\":{\"@id\":\"https:\\\/\\\/www.visital.no\\\/aktuelt\\\/arets-pinnekjott-er-snart-klart\\\/#primaryimage\"},\"thumbnailUrl\":\"https:\\\/\\\/www.visital.no\\\/wp-content\\\/uploads\\\/2025\\\/10\\\/gardenoppheim-nm-rdaamoaefrd68hotenscxw63h4uqcaiog0v5ytplvc.webp\",\"articleSection\":[\"Aktuelt\"],\"inLanguage\":\"de-DE\"},{\"@type\":\"WebPage\",\"@id\":\"https:\\\/\\\/www.visital.no\\\/aktuelt\\\/arets-pinnekjott-er-snart-klart\\\/\",\"url\":\"https:\\\/\\\/www.visital.no\\\/aktuelt\\\/arets-pinnekjott-er-snart-klart\\\/\",\"name\":\"\u00c5rets pinnekj\u00f8tt er snart klart! - Visit \u00c5l\",\"isPartOf\":{\"@id\":\"https:\\\/\\\/www.visital.no\\\/#website\"},\"primaryImageOfPage\":{\"@id\":\"https:\\\/\\\/www.visital.no\\\/aktuelt\\\/arets-pinnekjott-er-snart-klart\\\/#primaryimage\"},\"image\":{\"@id\":\"https:\\\/\\\/www.visital.no\\\/aktuelt\\\/arets-pinnekjott-er-snart-klart\\\/#primaryimage\"},\"thumbnailUrl\":\"https:\\\/\\\/www.visital.no\\\/wp-content\\\/uploads\\\/2025\\\/10\\\/gardenoppheim-nm-rdaamoaefrd68hotenscxw63h4uqcaiog0v5ytplvc.webp\",\"datePublished\":\"2025-10-16T09:28:16+00:00\",\"dateModified\":\"2025-11-10T13:10:32+00:00\",\"breadcrumb\":{\"@id\":\"https:\\\/\\\/www.visital.no\\\/aktuelt\\\/arets-pinnekjott-er-snart-klart\\\/#breadcrumb\"},\"inLanguage\":\"de-DE\",\"potentialAction\":[{\"@type\":\"ReadAction\",\"target\":[\"https:\\\/\\\/www.visital.no\\\/aktuelt\\\/arets-pinnekjott-er-snart-klart\\\/\"]}]},{\"@type\":\"ImageObject\",\"inLanguage\":\"de-DE\",\"@id\":\"https:\\\/\\\/www.visital.no\\\/aktuelt\\\/arets-pinnekjott-er-snart-klart\\\/#primaryimage\",\"url\":\"https:\\\/\\\/www.visital.no\\\/wp-content\\\/uploads\\\/2025\\\/10\\\/gardenoppheim-nm-rdaamoaefrd68hotenscxw63h4uqcaiog0v5ytplvc.webp\",\"contentUrl\":\"https:\\\/\\\/www.visital.no\\\/wp-content\\\/uploads\\\/2025\\\/10\\\/gardenoppheim-nm-rdaamoaefrd68hotenscxw63h4uqcaiog0v5ytplvc.webp\",\"width\":1500,\"height\":844,\"caption\":\"Renate fra Garden Oppheim med \u00e5rets pinnekj\u00f8tt\"},{\"@type\":\"BreadcrumbList\",\"@id\":\"https:\\\/\\\/www.visital.no\\\/aktuelt\\\/arets-pinnekjott-er-snart-klart\\\/#breadcrumb\",\"itemListElement\":[{\"@type\":\"ListItem\",\"position\":1,\"name\":\"Home\",\"item\":\"https:\\\/\\\/www.visital.no\\\/\"},{\"@type\":\"ListItem\",\"position\":2,\"name\":\"\u00c5rets pinnekj\u00f8tt er snart klart!\"}]},{\"@type\":\"WebSite\",\"@id\":\"https:\\\/\\\/www.visital.no\\\/#website\",\"url\":\"https:\\\/\\\/www.visital.no\\\/\",\"name\":\"Visit \u00c5l\",\"description\":\"\",\"publisher\":{\"@id\":\"https:\\\/\\\/www.visital.no\\\/#organization\"},\"potentialAction\":[{\"@type\":\"SearchAction\",\"target\":{\"@type\":\"EntryPoint\",\"urlTemplate\":\"https:\\\/\\\/www.visital.no\\\/?s={search_term_string}\"},\"query-input\":{\"@type\":\"PropertyValueSpecification\",\"valueRequired\":true,\"valueName\":\"search_term_string\"}}],\"inLanguage\":\"de-DE\"},{\"@type\":\"Organization\",\"@id\":\"https:\\\/\\\/www.visital.no\\\/#organization\",\"name\":\"Visit \u00c5l\",\"url\":\"https:\\\/\\\/www.visital.no\\\/\",\"logo\":{\"@type\":\"ImageObject\",\"inLanguage\":\"de-DE\",\"@id\":\"https:\\\/\\\/www.visital.no\\\/#\\\/schema\\\/logo\\\/image\\\/\",\"url\":\"https:\\\/\\\/www.visital.no\\\/wp-content\\\/uploads\\\/2024\\\/11\\\/al-i-hallingdal-logo.svg\",\"contentUrl\":\"https:\\\/\\\/www.visital.no\\\/wp-content\\\/uploads\\\/2024\\\/11\\\/al-i-hallingdal-logo.svg\",\"width\":258,\"height\":100,\"caption\":\"Visit \u00c5l\"},\"image\":{\"@id\":\"https:\\\/\\\/www.visital.no\\\/#\\\/schema\\\/logo\\\/image\\\/\"},\"sameAs\":[\"https:\\\/\\\/facebook.com\\\/visitalihallingdal\\\/\",\"https:\\\/\\\/instagram.com\\\/visitalihallingdal\\\/\",\"https:\\\/\\\/youtube.com\\\/user\\\/alutvikling\"]},{\"@type\":\"Person\",\"@id\":\"https:\\\/\\\/www.visital.no\\\/#\\\/schema\\\/person\\\/852e2864ef98b7d93d3b043d22f2ba1e\",\"name\":\"Emilie Valderhaug\",\"image\":{\"@type\":\"ImageObject\",\"inLanguage\":\"de-DE\",\"@id\":\"https:\\\/\\\/secure.gravatar.com\\\/avatar\\\/3c736e702a67ae030dfc83ee0f108680e09ef3f067b451dabbf9993a4f840938?s=96&d=mm&r=g\",\"url\":\"https:\\\/\\\/secure.gravatar.com\\\/avatar\\\/3c736e702a67ae030dfc83ee0f108680e09ef3f067b451dabbf9993a4f840938?s=96&d=mm&r=g\",\"contentUrl\":\"https:\\\/\\\/secure.gravatar.com\\\/avatar\\\/3c736e702a67ae030dfc83ee0f108680e09ef3f067b451dabbf9993a4f840938?s=96&d=mm&r=g\",\"caption\":\"Emilie Valderhaug\"},\"sameAs\":[\"http:\\\/\\\/visital.no\"]}]}<\/script>","yoast_head_json":{"title":"\u00c5rets pinnekj\u00f8tt er snart klart! - Visit \u00c5l","robots":{"index":"index","follow":"follow","max-snippet":"max-snippet:-1","max-image-preview":"max-image-preview:large","max-video-preview":"max-video-preview:-1"},"canonical":"https:\/\/www.visital.no\/de\/aktuelt\/arets-pinnekjott-er-snart-klart\/","og_locale":"de_DE","og_type":"article","og_title":"\u00c5rets pinnekj\u00f8tt er snart klart! - Visit \u00c5l","og_description":"Julen n\u00e6rmer seg, og i fjellbygdene i \u00c5l er \u00e5rets pinnekj\u00f8tt snart ferdig modnet. B\u00e5de Vats Gardsmat og Garden Oppheim byr p\u00e5 h\u00e5ndverksmat av h\u00f8y kvalitet, laget med omtanke, tradisjon og tid.","og_url":"https:\/\/www.visital.no\/de\/aktuelt\/arets-pinnekjott-er-snart-klart\/","og_site_name":"Visit \u00c5l","article_publisher":"https:\/\/facebook.com\/visitalihallingdal\/","article_published_time":"2025-10-16T09:28:16+00:00","article_modified_time":"2025-11-10T13:10:32+00:00","og_image":[{"width":1500,"height":844,"url":"https:\/\/www.visital.no\/wp-content\/uploads\/2025\/10\/gardenoppheim-nm-rdaamoaefrd68hotenscxw63h4uqcaiog0v5ytplvc.webp","type":"image\/webp"}],"author":"Emilie Valderhaug","twitter_card":"summary_large_image","twitter_misc":{"Written by":"Emilie Valderhaug","Est. reading time":"3 minutes"},"schema":{"@context":"https:\/\/schema.org","@graph":[{"@type":"Article","@id":"https:\/\/www.visital.no\/aktuelt\/arets-pinnekjott-er-snart-klart\/#article","isPartOf":{"@id":"https:\/\/www.visital.no\/aktuelt\/arets-pinnekjott-er-snart-klart\/"},"author":{"name":"Emilie Valderhaug","@id":"https:\/\/www.visital.no\/#\/schema\/person\/852e2864ef98b7d93d3b043d22f2ba1e"},"headline":"\u00c5rets pinnekj\u00f8tt er snart klart!","datePublished":"2025-10-16T09:28:16+00:00","dateModified":"2025-11-10T13:10:32+00:00","mainEntityOfPage":{"@id":"https:\/\/www.visital.no\/aktuelt\/arets-pinnekjott-er-snart-klart\/"},"wordCount":319,"publisher":{"@id":"https:\/\/www.visital.no\/#organization"},"image":{"@id":"https:\/\/www.visital.no\/aktuelt\/arets-pinnekjott-er-snart-klart\/#primaryimage"},"thumbnailUrl":"https:\/\/www.visital.no\/wp-content\/uploads\/2025\/10\/gardenoppheim-nm-rdaamoaefrd68hotenscxw63h4uqcaiog0v5ytplvc.webp","articleSection":["Aktuelt"],"inLanguage":"de-DE"},{"@type":"WebPage","@id":"https:\/\/www.visital.no\/aktuelt\/arets-pinnekjott-er-snart-klart\/","url":"https:\/\/www.visital.no\/aktuelt\/arets-pinnekjott-er-snart-klart\/","name":"\u00c5rets pinnekj\u00f8tt er snart klart! - Visit \u00c5l","isPartOf":{"@id":"https:\/\/www.visital.no\/#website"},"primaryImageOfPage":{"@id":"https:\/\/www.visital.no\/aktuelt\/arets-pinnekjott-er-snart-klart\/#primaryimage"},"image":{"@id":"https:\/\/www.visital.no\/aktuelt\/arets-pinnekjott-er-snart-klart\/#primaryimage"},"thumbnailUrl":"https:\/\/www.visital.no\/wp-content\/uploads\/2025\/10\/gardenoppheim-nm-rdaamoaefrd68hotenscxw63h4uqcaiog0v5ytplvc.webp","datePublished":"2025-10-16T09:28:16+00:00","dateModified":"2025-11-10T13:10:32+00:00","breadcrumb":{"@id":"https:\/\/www.visital.no\/aktuelt\/arets-pinnekjott-er-snart-klart\/#breadcrumb"},"inLanguage":"de-DE","potentialAction":[{"@type":"ReadAction","target":["https:\/\/www.visital.no\/aktuelt\/arets-pinnekjott-er-snart-klart\/"]}]},{"@type":"ImageObject","inLanguage":"de-DE","@id":"https:\/\/www.visital.no\/aktuelt\/arets-pinnekjott-er-snart-klart\/#primaryimage","url":"https:\/\/www.visital.no\/wp-content\/uploads\/2025\/10\/gardenoppheim-nm-rdaamoaefrd68hotenscxw63h4uqcaiog0v5ytplvc.webp","contentUrl":"https:\/\/www.visital.no\/wp-content\/uploads\/2025\/10\/gardenoppheim-nm-rdaamoaefrd68hotenscxw63h4uqcaiog0v5ytplvc.webp","width":1500,"height":844,"caption":"Renate fra Garden Oppheim med \u00e5rets pinnekj\u00f8tt"},{"@type":"BreadcrumbList","@id":"https:\/\/www.visital.no\/aktuelt\/arets-pinnekjott-er-snart-klart\/#breadcrumb","itemListElement":[{"@type":"ListItem","position":1,"name":"Home","item":"https:\/\/www.visital.no\/"},{"@type":"ListItem","position":2,"name":"\u00c5rets pinnekj\u00f8tt er snart klart!"}]},{"@type":"WebSite","@id":"https:\/\/www.visital.no\/#website","url":"https:\/\/www.visital.no\/","name":"Besuchen Sie \u00c5l","description":"","publisher":{"@id":"https:\/\/www.visital.no\/#organization"},"potentialAction":[{"@type":"SearchAction","target":{"@type":"EntryPoint","urlTemplate":"https:\/\/www.visital.no\/?s={search_term_string}"},"query-input":{"@type":"PropertyValueSpecification","valueRequired":true,"valueName":"search_term_string"}}],"inLanguage":"de-DE"},{"@type":"Organization","@id":"https:\/\/www.visital.no\/#organization","name":"Besuchen Sie \u00c5l","url":"https:\/\/www.visital.no\/","logo":{"@type":"ImageObject","inLanguage":"de-DE","@id":"https:\/\/www.visital.no\/#\/schema\/logo\/image\/","url":"https:\/\/www.visital.no\/wp-content\/uploads\/2024\/11\/al-i-hallingdal-logo.svg","contentUrl":"https:\/\/www.visital.no\/wp-content\/uploads\/2024\/11\/al-i-hallingdal-logo.svg","width":258,"height":100,"caption":"Visit \u00c5l"},"image":{"@id":"https:\/\/www.visital.no\/#\/schema\/logo\/image\/"},"sameAs":["https:\/\/facebook.com\/visitalihallingdal\/","https:\/\/instagram.com\/visitalihallingdal\/","https:\/\/youtube.com\/user\/alutvikling"]},{"@type":"Person","@id":"https:\/\/www.visital.no\/#\/schema\/person\/852e2864ef98b7d93d3b043d22f2ba1e","name":"Emilie Valderhaug","image":{"@type":"ImageObject","inLanguage":"de-DE","@id":"https:\/\/secure.gravatar.com\/avatar\/3c736e702a67ae030dfc83ee0f108680e09ef3f067b451dabbf9993a4f840938?s=96&d=mm&r=g","url":"https:\/\/secure.gravatar.com\/avatar\/3c736e702a67ae030dfc83ee0f108680e09ef3f067b451dabbf9993a4f840938?s=96&d=mm&r=g","contentUrl":"https:\/\/secure.gravatar.com\/avatar\/3c736e702a67ae030dfc83ee0f108680e09ef3f067b451dabbf9993a4f840938?s=96&d=mm&r=g","caption":"Emilie Valderhaug"},"sameAs":["http:\/\/visital.no"]}]}},"_links":{"self":[{"href":"https:\/\/www.visital.no\/de\/wp-json\/wp\/v2\/posts\/4134","targetHints":{"allow":["GET"]}}],"collection":[{"href":"https:\/\/www.visital.no\/de\/wp-json\/wp\/v2\/posts"}],"about":[{"href":"https:\/\/www.visital.no\/de\/wp-json\/wp\/v2\/types\/post"}],"author":[{"embeddable":true,"href":"https:\/\/www.visital.no\/de\/wp-json\/wp\/v2\/users\/3"}],"replies":[{"embeddable":true,"href":"https:\/\/www.visital.no\/de\/wp-json\/wp\/v2\/comments?post=4134"}],"version-history":[{"count":8,"href":"https:\/\/www.visital.no\/de\/wp-json\/wp\/v2\/posts\/4134\/revisions"}],"predecessor-version":[{"id":4323,"href":"https:\/\/www.visital.no\/de\/wp-json\/wp\/v2\/posts\/4134\/revisions\/4323"}],"wp:featuredmedia":[{"embeddable":true,"href":"https:\/\/www.visital.no\/de\/wp-json\/wp\/v2\/media\/4349"}],"wp:attachment":[{"href":"https:\/\/www.visital.no\/de\/wp-json\/wp\/v2\/media?parent=4134"}],"wp:term":[{"taxonomy":"category","embeddable":true,"href":"https:\/\/www.visital.no\/de\/wp-json\/wp\/v2\/categories?post=4134"},{"taxonomy":"post_tag","embeddable":true,"href":"https:\/\/www.visital.no\/de\/wp-json\/wp\/v2\/tags?post=4134"}],"curies":[{"name":"WordPress","href":"https:\/\/api.w.org\/{rel}","templated":true}]}}