{"id":2436,"date":"2026-04-08T18:16:00","date_gmt":"2026-04-08T16:16:00","guid":{"rendered":"https:\/\/www.visital.no\/?p=2436"},"modified":"2026-04-23T12:50:22","modified_gmt":"2026-04-23T10:50:22","slug":"er-du-pa-jakt-etter-sommerjobb","status":"publish","type":"post","link":"https:\/\/www.visital.no\/de\/aktuelt\/er-du-pa-jakt-etter-sommerjobb\/","title":{"rendered":"Lust auf einen Sommerjob in Visit \u00c5l?"},"content":{"rendered":"<div data-elementor-type=\"wp-post\" data-elementor-id=\"2436\" class=\"elementor elementor-2436\" data-elementor-post-type=\"post\">\n\t\t\t\t<div class=\"elementor-element elementor-element-634c2791 e-flex e-con-boxed e-con e-parent\" data-id=\"634c2791\" data-element_type=\"container\" data-e-type=\"container\">\n\t\t\t\t\t<div class=\"e-con-inner\">\n\t\t\t\t<div class=\"elementor-element elementor-element-6dfd41fd elementor-widget elementor-widget-text-editor\" data-id=\"6dfd41fd\" data-element_type=\"widget\" data-e-type=\"widget\" data-widget_type=\"text-editor.default\">\n\t\t\t\t<div class=\"elementor-widget-container\">\n\t\t\t\t\t\t\t\t\t\n<p>In der Touristeninformation treffen Sie auf Besucher, H\u00fcttenbewohner und Einheimische, die Tipps, Ratschl\u00e4ge und praktische Informationen \u00fcber das Geschehen in \u00c5l und Umgebung ben\u00f6tigen. Manche fragen sich, wohin sie ihre Reise unternehmen sollen, andere ben\u00f6tigen Tipps f\u00fcr Essen, Aktivit\u00e4ten oder Unterkunft.<\/p>\n\n\n\n<p>Das passt gut zu Ihnen, wenn Sie fr\u00f6hlich, nett und selbstst\u00e4ndig sind. Es ist wichtig, dass Sie sich sicher genug f\u00fchlen, um Aufgaben alleine zu erledigen und Dinge ohne st\u00e4ndige Nachverfolgung erledigt bekommen. <\/p>\n\n\n\n<h2 class=\"wp-block-heading\">Arbeidsoppgaver:<\/h2>\n\n\n\n<ul class=\"wp-block-list\">\n<li>Besucher und Einheimische bei der Information \u00fcber Aktivit\u00e4ten, Veranstaltungen, Ausfl\u00fcge, Essen und Unterkunft unterst\u00fctzen<\/li>\n\n\n\n<li>auf Anfragen per E-Mail und Telefon antworten<\/li>\n\n\n\n<li>Verkauf von Karten, Souvenirs, T-Shirts und anderen Produkten im Tourismusb\u00fcro<\/li>\n\n\n\n<li>Es k\u00f6nnen auch im Laufe der Zeit weitere Aufgaben anfallen<\/li>\n<\/ul>\n\n\n\n<h2 class=\"wp-block-heading\">Wir suchen Sie, die:<\/h2>\n\n\n\n<ul class=\"wp-block-list\">\n<li>gerne m\u00f8te folk og hj\u00e6lpe til<\/li>\n\n\n\n<li>hat gute Kenntnisse \u00fcber \u00c5l und die Umgebung<\/li>\n\n\n\n<li>spricht gut Norwegisch und Englisch<\/li>\n\n\n\n<li>er selvstendig, ansvarsfull og komfortabel med \u00e5 jobbe alene<\/li>\n<\/ul>\n\n\n\n<h2 class=\"wp-block-heading\">Gut zu wissen:<\/h2>\n\n\n\n<ul class=\"wp-block-list\">\n<li>Arbeitszeitraum: 20. Juni \u2013 8. August<\/li>\n\n\n\n<li>Arbeitszeit ist grunds\u00e4tzlich Mo\u2013Sa von 11\u201316 Uhr, optional Di\u2013Sa von 11\u201316 Uhr<\/li>\n\n\n\n<li>Arbeitszeit und Umfang k\u00f6nnen angepasst werden, wenn es Ihnen und uns passt.<\/li>\n\n\n\n<li>Arbeitsort: Touristeninformation im \u00c5lingen Einkaufszentrum<\/li>\n\n\n\n<li>Lohn nach Vereinbarung<\/li>\n\n\n\n<li>M\u00f6glichkeit f\u00fcr mehr Arbeit in sp\u00e4teren Ferien, wie Herbstferien, Weihnachten, Winterferien und Ostern<\/li>\n<\/ul>\n\n\n\n<h2 class=\"wp-block-heading\">M\u00f6chten Sie sich bewerben?<\/h2>\n\n\n\n<p>Senden Sie Ihre Bewerbung und Ihren Lebenslauf an <strong><a>dl@alutvikling.no<\/a><\/strong> <strong>fortlaufend.<\/strong><\/p>\n\n\n\n<p>Bei Fragen wenden Sie sich bitte an den Gesch\u00e4ftsf\u00fchrer&nbsp;<strong>Ola Opheim<\/strong>&nbsp;am Telefon&nbsp;<strong>954 83 478<\/strong>.<\/p>\n\n\n\n<p><\/p>\n\t\t\t\t\t\t\t\t<\/div>\n\t\t\t\t<\/div>\n\t\t\t\t\t<\/div>\n\t\t\t\t<\/div>\n\t\t\t\t<\/div>","protected":false},"excerpt":{"rendered":"<p>Wir suchen Sie, der keine Angst hat, mit Menschen zu sprechen, \u00c5l gut kennt und selbstst\u00e4ndig arbeiten kann.<\/p>","protected":false},"author":3,"featured_media":5267,"comment_status":"closed","ping_status":"closed","sticky":false,"template":"","format":"standard","meta":{"_acf_changed":false,"footnotes":""},"categories":[68],"tags":[],"class_list":["post-2436","post","type-post","status-publish","format-standard","has-post-thumbnail","hentry","category-aktuelt"],"acf":[],"yoast_head":"<title>Lyst p\u00e5 sommerjobb i Visit \u00c5l? - Visit \u00c5l<\/title>\n<meta name=\"robots\" content=\"index, follow, max-snippet:-1, max-image-preview:large, max-video-preview:-1\" \/>\n<link rel=\"canonical\" href=\"https:\/\/www.visital.no\/de\/aktuelt\/er-du-pa-jakt-etter-sommerjobb\/\" \/>\n<meta property=\"og:locale\" content=\"de_DE\" \/>\n<meta property=\"og:type\" content=\"article\" \/>\n<meta property=\"og:title\" content=\"Lyst p\u00e5 sommerjobb i Visit \u00c5l?\" \/>\n<meta property=\"og:description\" content=\"Vi ser etter deg som ikke er redd for \u00e5 snakke med folk, kjenner \u00c5l ganske godt og kan jobbe selvstendig.\" \/>\n<meta property=\"og:url\" content=\"https:\/\/www.visital.no\/de\/aktuelt\/er-du-pa-jakt-etter-sommerjobb\/\" \/>\n<meta property=\"og:site_name\" content=\"Visit \u00c5l\" \/>\n<meta property=\"article:publisher\" content=\"https:\/\/facebook.com\/visitalihallingdal\/\" \/>\n<meta property=\"article:published_time\" content=\"2026-04-08T16:16:00+00:00\" \/>\n<meta property=\"article:modified_time\" content=\"2026-04-23T10:50:22+00:00\" \/>\n<meta property=\"og:image\" content=\"https:\/\/www.visital.no\/wp-content\/uploads\/2026\/04\/lyst-pa-sommerjobb.webp\" \/>\n\t<meta property=\"og:image:width\" content=\"1080\" \/>\n\t<meta property=\"og:image:height\" content=\"565\" \/>\n\t<meta property=\"og:image:type\" content=\"image\/png\" \/>\n<meta name=\"author\" content=\"Emilie Valderhaug\" \/>\n<meta name=\"twitter:card\" content=\"summary_large_image\" \/>\n<meta name=\"twitter:label1\" content=\"Written by\" \/>\n\t<meta name=\"twitter:data1\" content=\"Emilie Valderhaug\" \/>\n\t<meta name=\"twitter:label2\" content=\"Est. reading time\" \/>\n\t<meta name=\"twitter:data2\" content=\"2 minutes\" \/>\n<script type=\"application\/ld+json\" class=\"yoast-schema-graph\">{\"@context\":\"https:\\\/\\\/schema.org\",\"@graph\":[{\"@type\":\"Article\",\"@id\":\"https:\\\/\\\/www.visital.no\\\/aktuelt\\\/er-du-pa-jakt-etter-sommerjobb\\\/#article\",\"isPartOf\":{\"@id\":\"https:\\\/\\\/www.visital.no\\\/aktuelt\\\/er-du-pa-jakt-etter-sommerjobb\\\/\"},\"author\":{\"name\":\"Emilie Valderhaug\",\"@id\":\"https:\\\/\\\/www.visital.no\\\/#\\\/schema\\\/person\\\/852e2864ef98b7d93d3b043d22f2ba1e\"},\"headline\":\"Lyst p\u00e5 sommerjobb i Visit \u00c5l?\",\"datePublished\":\"2026-04-08T16:16:00+00:00\",\"dateModified\":\"2026-04-23T10:50:22+00:00\",\"mainEntityOfPage\":{\"@id\":\"https:\\\/\\\/www.visital.no\\\/aktuelt\\\/er-du-pa-jakt-etter-sommerjobb\\\/\"},\"wordCount\":251,\"publisher\":{\"@id\":\"https:\\\/\\\/www.visital.no\\\/#organization\"},\"image\":{\"@id\":\"https:\\\/\\\/www.visital.no\\\/aktuelt\\\/er-du-pa-jakt-etter-sommerjobb\\\/#primaryimage\"},\"thumbnailUrl\":\"https:\\\/\\\/www.visital.no\\\/wp-content\\\/uploads\\\/2026\\\/04\\\/656139518-1551571980310242-6196580312375961260-n.webp\",\"articleSection\":[\"Aktuelt\"],\"inLanguage\":\"de-DE\"},{\"@type\":\"WebPage\",\"@id\":\"https:\\\/\\\/www.visital.no\\\/aktuelt\\\/er-du-pa-jakt-etter-sommerjobb\\\/\",\"url\":\"https:\\\/\\\/www.visital.no\\\/aktuelt\\\/er-du-pa-jakt-etter-sommerjobb\\\/\",\"name\":\"Lyst p\u00e5 sommerjobb i Visit \u00c5l? - Visit \u00c5l\",\"isPartOf\":{\"@id\":\"https:\\\/\\\/www.visital.no\\\/#website\"},\"primaryImageOfPage\":{\"@id\":\"https:\\\/\\\/www.visital.no\\\/aktuelt\\\/er-du-pa-jakt-etter-sommerjobb\\\/#primaryimage\"},\"image\":{\"@id\":\"https:\\\/\\\/www.visital.no\\\/aktuelt\\\/er-du-pa-jakt-etter-sommerjobb\\\/#primaryimage\"},\"thumbnailUrl\":\"https:\\\/\\\/www.visital.no\\\/wp-content\\\/uploads\\\/2026\\\/04\\\/656139518-1551571980310242-6196580312375961260-n.webp\",\"datePublished\":\"2026-04-08T16:16:00+00:00\",\"dateModified\":\"2026-04-23T10:50:22+00:00\",\"breadcrumb\":{\"@id\":\"https:\\\/\\\/www.visital.no\\\/aktuelt\\\/er-du-pa-jakt-etter-sommerjobb\\\/#breadcrumb\"},\"inLanguage\":\"de-DE\",\"potentialAction\":[{\"@type\":\"ReadAction\",\"target\":[\"https:\\\/\\\/www.visital.no\\\/aktuelt\\\/er-du-pa-jakt-etter-sommerjobb\\\/\"]}]},{\"@type\":\"ImageObject\",\"inLanguage\":\"de-DE\",\"@id\":\"https:\\\/\\\/www.visital.no\\\/aktuelt\\\/er-du-pa-jakt-etter-sommerjobb\\\/#primaryimage\",\"url\":\"https:\\\/\\\/www.visital.no\\\/wp-content\\\/uploads\\\/2026\\\/04\\\/656139518-1551571980310242-6196580312375961260-n.webp\",\"contentUrl\":\"https:\\\/\\\/www.visital.no\\\/wp-content\\\/uploads\\\/2026\\\/04\\\/656139518-1551571980310242-6196580312375961260-n.webp\",\"width\":2048,\"height\":1536,\"caption\":\"Bilde av Ola & Emilie i Visit \u00c5l\"},{\"@type\":\"BreadcrumbList\",\"@id\":\"https:\\\/\\\/www.visital.no\\\/aktuelt\\\/er-du-pa-jakt-etter-sommerjobb\\\/#breadcrumb\",\"itemListElement\":[{\"@type\":\"ListItem\",\"position\":1,\"name\":\"Home\",\"item\":\"https:\\\/\\\/www.visital.no\\\/\"},{\"@type\":\"ListItem\",\"position\":2,\"name\":\"Lyst p\u00e5 sommerjobb i Visit \u00c5l?\"}]},{\"@type\":\"WebSite\",\"@id\":\"https:\\\/\\\/www.visital.no\\\/#website\",\"url\":\"https:\\\/\\\/www.visital.no\\\/\",\"name\":\"Visit \u00c5l\",\"description\":\"\",\"publisher\":{\"@id\":\"https:\\\/\\\/www.visital.no\\\/#organization\"},\"potentialAction\":[{\"@type\":\"SearchAction\",\"target\":{\"@type\":\"EntryPoint\",\"urlTemplate\":\"https:\\\/\\\/www.visital.no\\\/?s={search_term_string}\"},\"query-input\":{\"@type\":\"PropertyValueSpecification\",\"valueRequired\":true,\"valueName\":\"search_term_string\"}}],\"inLanguage\":\"de-DE\"},{\"@type\":\"Organization\",\"@id\":\"https:\\\/\\\/www.visital.no\\\/#organization\",\"name\":\"Visit \u00c5l\",\"url\":\"https:\\\/\\\/www.visital.no\\\/\",\"logo\":{\"@type\":\"ImageObject\",\"inLanguage\":\"de-DE\",\"@id\":\"https:\\\/\\\/www.visital.no\\\/#\\\/schema\\\/logo\\\/image\\\/\",\"url\":\"https:\\\/\\\/www.visital.no\\\/wp-content\\\/uploads\\\/2024\\\/11\\\/al-i-hallingdal-logo.svg\",\"contentUrl\":\"https:\\\/\\\/www.visital.no\\\/wp-content\\\/uploads\\\/2024\\\/11\\\/al-i-hallingdal-logo.svg\",\"width\":258,\"height\":100,\"caption\":\"Visit \u00c5l\"},\"image\":{\"@id\":\"https:\\\/\\\/www.visital.no\\\/#\\\/schema\\\/logo\\\/image\\\/\"},\"sameAs\":[\"https:\\\/\\\/facebook.com\\\/visitalihallingdal\\\/\",\"https:\\\/\\\/instagram.com\\\/visitalihallingdal\\\/\",\"https:\\\/\\\/youtube.com\\\/user\\\/alutvikling\"]},{\"@type\":\"Person\",\"@id\":\"https:\\\/\\\/www.visital.no\\\/#\\\/schema\\\/person\\\/852e2864ef98b7d93d3b043d22f2ba1e\",\"name\":\"Emilie Valderhaug\",\"image\":{\"@type\":\"ImageObject\",\"inLanguage\":\"de-DE\",\"@id\":\"https:\\\/\\\/secure.gravatar.com\\\/avatar\\\/3c736e702a67ae030dfc83ee0f108680e09ef3f067b451dabbf9993a4f840938?s=96&d=mm&r=g\",\"url\":\"https:\\\/\\\/secure.gravatar.com\\\/avatar\\\/3c736e702a67ae030dfc83ee0f108680e09ef3f067b451dabbf9993a4f840938?s=96&d=mm&r=g\",\"contentUrl\":\"https:\\\/\\\/secure.gravatar.com\\\/avatar\\\/3c736e702a67ae030dfc83ee0f108680e09ef3f067b451dabbf9993a4f840938?s=96&d=mm&r=g\",\"caption\":\"Emilie Valderhaug\"},\"sameAs\":[\"http:\\\/\\\/visital.no\"]}]}<\/script>","yoast_head_json":{"title":"Lyst p\u00e5 sommerjobb i Visit \u00c5l? - Visit \u00c5l","robots":{"index":"index","follow":"follow","max-snippet":"max-snippet:-1","max-image-preview":"max-image-preview:large","max-video-preview":"max-video-preview:-1"},"canonical":"https:\/\/www.visital.no\/de\/aktuelt\/er-du-pa-jakt-etter-sommerjobb\/","og_locale":"de_DE","og_type":"article","og_title":"Lyst p\u00e5 sommerjobb i Visit \u00c5l?","og_description":"Vi ser etter deg som ikke er redd for \u00e5 snakke med folk, kjenner \u00c5l ganske godt og kan jobbe selvstendig.","og_url":"https:\/\/www.visital.no\/de\/aktuelt\/er-du-pa-jakt-etter-sommerjobb\/","og_site_name":"Visit \u00c5l","article_publisher":"https:\/\/facebook.com\/visitalihallingdal\/","article_published_time":"2026-04-08T16:16:00+00:00","article_modified_time":"2026-04-23T10:50:22+00:00","og_image":[{"width":1080,"height":565,"url":"https:\/\/www.visital.no\/wp-content\/uploads\/2026\/04\/lyst-pa-sommerjobb.webp","type":"image\/png"}],"author":"Emilie Valderhaug","twitter_card":"summary_large_image","twitter_misc":{"Written by":"Emilie Valderhaug","Est. reading time":"2 minutes"},"schema":{"@context":"https:\/\/schema.org","@graph":[{"@type":"Article","@id":"https:\/\/www.visital.no\/aktuelt\/er-du-pa-jakt-etter-sommerjobb\/#article","isPartOf":{"@id":"https:\/\/www.visital.no\/aktuelt\/er-du-pa-jakt-etter-sommerjobb\/"},"author":{"name":"Emilie Valderhaug","@id":"https:\/\/www.visital.no\/#\/schema\/person\/852e2864ef98b7d93d3b043d22f2ba1e"},"headline":"Lyst p\u00e5 sommerjobb i Visit \u00c5l?","datePublished":"2026-04-08T16:16:00+00:00","dateModified":"2026-04-23T10:50:22+00:00","mainEntityOfPage":{"@id":"https:\/\/www.visital.no\/aktuelt\/er-du-pa-jakt-etter-sommerjobb\/"},"wordCount":251,"publisher":{"@id":"https:\/\/www.visital.no\/#organization"},"image":{"@id":"https:\/\/www.visital.no\/aktuelt\/er-du-pa-jakt-etter-sommerjobb\/#primaryimage"},"thumbnailUrl":"https:\/\/www.visital.no\/wp-content\/uploads\/2026\/04\/656139518-1551571980310242-6196580312375961260-n.webp","articleSection":["Aktuelt"],"inLanguage":"de-DE"},{"@type":"WebPage","@id":"https:\/\/www.visital.no\/aktuelt\/er-du-pa-jakt-etter-sommerjobb\/","url":"https:\/\/www.visital.no\/aktuelt\/er-du-pa-jakt-etter-sommerjobb\/","name":"Lyst p\u00e5 sommerjobb i Visit \u00c5l? - Visit \u00c5l","isPartOf":{"@id":"https:\/\/www.visital.no\/#website"},"primaryImageOfPage":{"@id":"https:\/\/www.visital.no\/aktuelt\/er-du-pa-jakt-etter-sommerjobb\/#primaryimage"},"image":{"@id":"https:\/\/www.visital.no\/aktuelt\/er-du-pa-jakt-etter-sommerjobb\/#primaryimage"},"thumbnailUrl":"https:\/\/www.visital.no\/wp-content\/uploads\/2026\/04\/656139518-1551571980310242-6196580312375961260-n.webp","datePublished":"2026-04-08T16:16:00+00:00","dateModified":"2026-04-23T10:50:22+00:00","breadcrumb":{"@id":"https:\/\/www.visital.no\/aktuelt\/er-du-pa-jakt-etter-sommerjobb\/#breadcrumb"},"inLanguage":"de-DE","potentialAction":[{"@type":"ReadAction","target":["https:\/\/www.visital.no\/aktuelt\/er-du-pa-jakt-etter-sommerjobb\/"]}]},{"@type":"ImageObject","inLanguage":"de-DE","@id":"https:\/\/www.visital.no\/aktuelt\/er-du-pa-jakt-etter-sommerjobb\/#primaryimage","url":"https:\/\/www.visital.no\/wp-content\/uploads\/2026\/04\/656139518-1551571980310242-6196580312375961260-n.webp","contentUrl":"https:\/\/www.visital.no\/wp-content\/uploads\/2026\/04\/656139518-1551571980310242-6196580312375961260-n.webp","width":2048,"height":1536,"caption":"Bilde av Ola & Emilie i Visit \u00c5l"},{"@type":"BreadcrumbList","@id":"https:\/\/www.visital.no\/aktuelt\/er-du-pa-jakt-etter-sommerjobb\/#breadcrumb","itemListElement":[{"@type":"ListItem","position":1,"name":"Home","item":"https:\/\/www.visital.no\/"},{"@type":"ListItem","position":2,"name":"Lyst p\u00e5 sommerjobb i Visit \u00c5l?"}]},{"@type":"WebSite","@id":"https:\/\/www.visital.no\/#website","url":"https:\/\/www.visital.no\/","name":"Besuchen Sie \u00c5l","description":"","publisher":{"@id":"https:\/\/www.visital.no\/#organization"},"potentialAction":[{"@type":"SearchAction","target":{"@type":"EntryPoint","urlTemplate":"https:\/\/www.visital.no\/?s={search_term_string}"},"query-input":{"@type":"PropertyValueSpecification","valueRequired":true,"valueName":"search_term_string"}}],"inLanguage":"de-DE"},{"@type":"Organization","@id":"https:\/\/www.visital.no\/#organization","name":"Besuchen Sie \u00c5l","url":"https:\/\/www.visital.no\/","logo":{"@type":"ImageObject","inLanguage":"de-DE","@id":"https:\/\/www.visital.no\/#\/schema\/logo\/image\/","url":"https:\/\/www.visital.no\/wp-content\/uploads\/2024\/11\/al-i-hallingdal-logo.svg","contentUrl":"https:\/\/www.visital.no\/wp-content\/uploads\/2024\/11\/al-i-hallingdal-logo.svg","width":258,"height":100,"caption":"Visit \u00c5l"},"image":{"@id":"https:\/\/www.visital.no\/#\/schema\/logo\/image\/"},"sameAs":["https:\/\/facebook.com\/visitalihallingdal\/","https:\/\/instagram.com\/visitalihallingdal\/","https:\/\/youtube.com\/user\/alutvikling"]},{"@type":"Person","@id":"https:\/\/www.visital.no\/#\/schema\/person\/852e2864ef98b7d93d3b043d22f2ba1e","name":"Emilie Valderhaug","image":{"@type":"ImageObject","inLanguage":"de-DE","@id":"https:\/\/secure.gravatar.com\/avatar\/3c736e702a67ae030dfc83ee0f108680e09ef3f067b451dabbf9993a4f840938?s=96&d=mm&r=g","url":"https:\/\/secure.gravatar.com\/avatar\/3c736e702a67ae030dfc83ee0f108680e09ef3f067b451dabbf9993a4f840938?s=96&d=mm&r=g","contentUrl":"https:\/\/secure.gravatar.com\/avatar\/3c736e702a67ae030dfc83ee0f108680e09ef3f067b451dabbf9993a4f840938?s=96&d=mm&r=g","caption":"Emilie Valderhaug"},"sameAs":["http:\/\/visital.no"]}]}},"_links":{"self":[{"href":"https:\/\/www.visital.no\/de\/wp-json\/wp\/v2\/posts\/2436","targetHints":{"allow":["GET"]}}],"collection":[{"href":"https:\/\/www.visital.no\/de\/wp-json\/wp\/v2\/posts"}],"about":[{"href":"https:\/\/www.visital.no\/de\/wp-json\/wp\/v2\/types\/post"}],"author":[{"embeddable":true,"href":"https:\/\/www.visital.no\/de\/wp-json\/wp\/v2\/users\/3"}],"replies":[{"embeddable":true,"href":"https:\/\/www.visital.no\/de\/wp-json\/wp\/v2\/comments?post=2436"}],"version-history":[{"count":9,"href":"https:\/\/www.visital.no\/de\/wp-json\/wp\/v2\/posts\/2436\/revisions"}],"predecessor-version":[{"id":5334,"href":"https:\/\/www.visital.no\/de\/wp-json\/wp\/v2\/posts\/2436\/revisions\/5334"}],"wp:featuredmedia":[{"embeddable":true,"href":"https:\/\/www.visital.no\/de\/wp-json\/wp\/v2\/media\/5267"}],"wp:attachment":[{"href":"https:\/\/www.visital.no\/de\/wp-json\/wp\/v2\/media?parent=2436"}],"wp:term":[{"taxonomy":"category","embeddable":true,"href":"https:\/\/www.visital.no\/de\/wp-json\/wp\/v2\/categories?post=2436"},{"taxonomy":"post_tag","embeddable":true,"href":"https:\/\/www.visital.no\/de\/wp-json\/wp\/v2\/tags?post=2436"}],"curies":[{"name":"WordPress","href":"https:\/\/api.w.org\/{rel}","templated":true}]}}