{"id":2477,"global_id":"www.visital.no\/de?id=2477","global_id_lineage":["www.visital.no\/de?id=2477"],"author":"3","status":"publish","date":"2025-05-08 12:04:33","date_utc":"2025-05-08 10:04:33","modified":"2025-06-24 13:58:24","modified_utc":"2025-06-24 11:58:24","url":"https:\/\/www.visital.no\/de\/arrangementer\/utstilling-den-bla-timen-med-sodal-og-kjelland\/","rest_url":"https:\/\/www.visital.no\/de\/wp-json\/tribe\/events\/v1\/events\/2477","title":"Utstilling: Den bl\u00e5 timen med S\u00f8dal og Kjelland","description":"<p class=\"\" data-start=\"663\" data-end=\"776\"><strong data-start=\"663\" data-end=\"701\">Utstillingsopning: <em data-start=\"684\" data-end=\"699\">Den bl\u00e5 timen<\/em><\/strong><br data-start=\"701\" data-end=\"704\" \/><strong data-start=\"704\" data-end=\"741\">Per Ove S\u00f8dal \u2013 m\u00e5leri og grafikk<\/strong><br data-start=\"741\" data-end=\"744\" \/><strong data-start=\"744\" data-end=\"776\">Katarina Kjelland \u2013 keramikk<\/strong><\/p>\n<p class=\"\" data-start=\"778\" data-end=\"910\">I sommarens utstilling <em data-start=\"801\" data-end=\"816\">Den bl\u00e5 timen<\/em> m\u00f8test to kunstnarar som p\u00e5 kvar sin m\u00e5te utforskar rommet mellom det synlege og det sansa.<\/p>\n<p class=\"\" data-start=\"912\" data-end=\"1320\">Per Ove S\u00f8dal hentar inspirasjon fr\u00e5 havet, uthamner og fiskev\u00e6r \u2013 landskapet som omgir han p\u00e5 S\u00f8rlandet. I bileta sine skaper han eit uttrykk som balanserer mellom indre og ytre verkelegheit, bygd opp av enkle geometriske former, mystikk og undring. S\u00f8dal arbeider b\u00e5de med m\u00e5leri og litografi, og har l\u00e6rt grafikk ved Myren Grafikk og Kristiansand Grafiske Verksted \u2013 blant anna med Kjell Nupen som mentor.<\/p>\n<p class=\"\" data-start=\"1322\" data-end=\"1688\">Katarina Kjelland arbeider med keramikk i eit spenn mellom funksjon og kunst. Ho nyttar ulike brennemetodar \u2013 fr\u00e5 elektrisk til vedfyring og raku \u2013 og arbeider med lokale materialar som skapar unike overflater og uttrykk. Med verkstad i Kristiansand skaper ho tidlause objekt i steingods som spenner fr\u00e5 bruksgjenstandar til skulpturelle former og lysinstallasjonar.<\/p>\n<p class=\"\" data-start=\"1690\" data-end=\"1744\"><strong data-start=\"1690\" data-end=\"1744\">Utstillinga st\u00e5r fr\u00e5 14. juni til 24. august 2025.<\/strong><\/p>","excerpt":"<p>Velkommen til opningen av sommarutstillinga Den bl\u00e5 timen, der m\u00e5leri, grafikk og keramikk m\u00f8tes i eit sanselig og stemningsfullt landskap \u2013 signert Per Ove S\u00f8dal og Katarina Kjelland.<\/p>","slug":"utstilling-den-bla-timen-med-sodal-og-kjelland","image":{"url":"https:\/\/www.visital.no\/wp-content\/uploads\/2025\/05\/skumringlito-768x770-1-e1746698655817.jpg","id":2478,"extension":"jpg","width":767,"height":545,"filesize":137277,"sizes":{"medium":{"width":300,"height":213,"mime-type":"image\/jpeg","filesize":22669,"url":"https:\/\/www.visital.no\/wp-content\/uploads\/2025\/05\/skumringlito-768x770-1-e1746698655817-300x213.jpg"},"thumbnail":{"width":150,"height":150,"mime-type":"image\/jpeg","filesize":8840,"url":"https:\/\/www.visital.no\/wp-content\/uploads\/2025\/05\/skumringlito-768x770-1-e1746698655817-150x150.jpg"}}},"all_day":false,"start_date":"2025-06-15 08:00:00","start_date_details":{"year":"2025","month":"06","day":"15","hour":"08","minutes":"00","seconds":"00"},"end_date":"2025-08-25 16:00:00","end_date_details":{"year":"2025","month":"08","day":"25","hour":"16","minutes":"00","seconds":"00"},"utc_start_date":"2025-06-15 06:00:00","utc_start_date_details":{"year":"2025","month":"06","day":"15","hour":"06","minutes":"00","seconds":"00"},"utc_end_date":"2025-08-25 14:00:00","utc_end_date_details":{"year":"2025","month":"08","day":"25","hour":"14","minutes":"00","seconds":"00"},"timezone":"Europe\/Oslo","timezone_abbr":"CEST","cost":"Gratis","cost_details":{"currency_symbol":" kr","currency_code":"NOK","currency_position":"suffix","values":["gratis"]},"website":"https:\/\/sprangscene.no\/galleri-syningen\/","show_map":false,"show_map_link":true,"hide_from_listings":false,"sticky":false,"featured":false,"categories":[{"name":"Utstilling","slug":"utstilling","term_group":0,"term_taxonomy_id":88,"taxonomy":"tribe_events_cat","description":"","parent":0,"count":10,"filter":"raw","id":88,"urls":{"self":"https:\/\/www.visital.no\/de\/wp-json\/tribe\/events\/v1\/categories\/88","collection":"https:\/\/www.visital.no\/de\/wp-json\/tribe\/events\/v1\/categories"}}],"tags":[],"venue":[],"organizer":[],"custom_fields":[],"json_ld":{"@context":"http:\/\/schema.org","@type":"Event","name":"Utstilling: Den bl\u00e5 timen med S\u00f8dal og Kjelland","description":"&lt;p&gt;Velkommen til opningen av sommarutstillinga Den bl\u00e5 timen, der m\u00e5leri, grafikk og keramikk m\u00f8tes i eit sanselig og stemningsfullt landskap \u2013 signert Per Ove S\u00f8dal og Katarina Kjelland.&lt;\/p&gt;\\n","image":"https:\/\/www.visital.no\/wp-content\/uploads\/2025\/05\/skumringlito-768x770-1-e1746698655817.jpg","url":"https:\/\/www.visital.no\/de\/arrangementer\/utstilling-den-bla-timen-med-sodal-og-kjelland\/","eventAttendanceMode":"https:\/\/schema.org\/OfflineEventAttendanceMode","eventStatus":"https:\/\/schema.org\/EventScheduled","startDate":"2025-06-15T08:00:00+02:00","endDate":"2025-08-25T16:00:00+02:00","offers":{"@type":"Offer","price":"Gratis","priceCurrency":"NOK","url":"https:\/\/www.visital.no\/de\/arrangementer\/utstilling-den-bla-timen-med-sodal-og-kjelland\/","category":"primary","availability":"inStock","validFrom":"2025-05-08T00:00:00+00:00"},"performer":"Organization"}}